{"id":3784,"date":"2023-09-22T17:48:43","date_gmt":"2023-09-22T17:48:43","guid":{"rendered":"https:\/\/new.findnews5.com\/?p=3784"},"modified":"2023-09-22T17:48:45","modified_gmt":"2023-09-22T17:48:45","slug":"mobilie-artizanale-300-mije-euro-si-e-ka-fshehur-pasurine-gelardina-prodani-sekretrja-e-3-ministrive-ishte-pjese-20-bordeve-e-keshillave","status":"publish","type":"post","link":"https:\/\/new.findnews5.com\/?p=3784","title":{"rendered":"Mobilie artizanale 300 mij\u00eb euro, si e ka fshehur pasurin\u00eb Gelardina Prodani, sekretrja e 3 ministrive ishte pjes\u00eb 20 bordeve e k\u00ebshillave"},"content":{"rendered":"<div class=\"78954ae5fa42b68c1393fe3da4998882\" data-index=\"1\" style=\"float: none; margin:0px 0 0px 0; text-align:center;\">\n<div data-type=\"_mgwidget\" data-widget-id=\"1576712\">\r\n<\/div>\r\n<script>(function(w,q){w[q]=w[q]||[];w[q].push([\"_mgc.load\"])})(window,\"_mgq\");\r\n<\/script>\r\n\n<\/div>\n<p>Thon\u00eb se nuk ka firmosur asnj\u00eb tender, koncension apo privatizim t\u00eb pasurive publike, pa marr\u00eb pjes\u00ebn e saj, si sekretare e p\u00ebrgjithshme n\u00eb Ministrin\u00eb e Financave, m\u00eb pas n\u00eb ministrin\u00eb Sh\u00ebndet\u00ebsis\u00eb dhe aktualisht n\u00eb ministrin\u00eb e Mbrojtjes.<\/p>\n<p>B\u00ebhet fjal\u00eb p\u00ebr Gelardina Prodanin sekretaren m\u00eb jet\u00ebgjat\u00eb q\u00eb nga qeverisja e Sali Berish\u00ebs, e cila dyshohet se ka fshehur nj\u00eb pasuri me vler\u00eb miliona euro n\u00eb emrin babait Jemin Du\u00e7ka, t\u00eb bashk\u00ebshortit Voltan Prodrani dhe t\u00eb af\u00ebrmve t\u00eb tjer\u00eb, pasuri t\u00eb palujtshme nga ish Blloku deri ne Palas\u00eb.<\/p>\n<p>Nj\u00eb apartament q\u00eb e ka deklaruar te rruga e Elbasanit me vler\u00eb 150 mij\u00eb euro, bashk\u00eb me nj\u00eb parking, vet\u00ebm arredimi ka kushtuar mbi 300 mij\u00eb euro, pa llogaritur piktura, aksesor\u00eb etj.<\/p>\n<p>Apartamenti ndodhet tek pallati i famsh\u00ebm i korrupsionit Park Gate, p\u00ebrball\u00eb Fakultetit Ekonomik, pran\u00eb Parkut t\u00eb Liqenit, aty ky kan\u00eb sht\u00ebpi n\u00eb em\u00ebr t\u00eb oligark\u00ebve disa deputet\u00eb, ish ministra dhe drejtor\u00eb.<\/p>\n<p>Prapaskena m\u00ebson se Gela \u00ebsht\u00eb kujdesur p\u00ebr mobliet, duke p\u00ebrzgjedhur mobilje artizanale, t\u00eb punuara me dor\u00eb, me dru antik, me cil\u00ebsi t\u00eb lart\u00eb dhe me kosto sheik\u00ebsh.<\/p>\n<p>Prapaskena do t\u00eb jap\u00eb n\u00eb vijim detaje t\u00eb tjera, se ku jan\u00eb porositur mobiliet, sa kan\u00eb kushtuar etj., nd\u00ebrsa fton BKH-n\u00eb q\u00eb t\u00eb b\u00ebj\u00eb nj\u00eb verifkim tek pallati i korrupsionit para se sekretarja t\u2019i z\u00ebnd\u00ebsoj\u00eb mobiljet p\u00ebrrallore me mobilje nga sht\u00ebpia e ofertave.<\/p>\n<p>Gela nuk ka deklaruar asnj\u00eb shpenzim n\u00eb ILDKPKI p\u00ebr arredimin k\u00ebtij apartmanti, vlera e t\u00eb cilit shkon mbi 700 mij\u00eb euro, gjithnj\u00eb pa llogaritur pikturat dhe aksesor\u00ebt.<\/p>\n<p>Zonja nuk ka asnj\u00eb ndryshim nga Arben Ahmetajt sa i takon pastrimit t\u00eb parave dhe fshehjes s\u00eb pasurive, ku tre kompani dhe nj\u00eb restorant (Palest\u00e9 Restaurant And Beach Bar kamufluar n\u00eb niptin L81905507V, q\u00eb i p\u00ebrket bashk\u00ebshortit t\u00eb Gelardina Prodanit, si person fizik), i ka kamufluar n\u00eb em\u00ebr t\u00eb babait dhe bashk\u00ebshortit n\u00eb Palas\u00eb.<\/p>\n<p>Prapaskena po i jep indicie t\u00eb mjaftueshme SPAK-ut p\u00ebr t\u00eb nisur nj\u00eb hetim kryesisht p\u00ebr korrupsionin dhe pasurit\u00eb e fshehura t\u00eb Gelardina Prodanit, e cila ka finalizuar afera me kosto qindra milion\u00eb euro me Arben Ahmetajn dhe Ogerta Manastirliun, kryesisht me privatizime dhe koncensione korruptive.<\/p>\n<p>Geraldina Prodani \u00ebsht\u00eb nj\u00eb \u2018lubi\u2019 n\u00eb piramid\u00ebn e administrat\u00ebs publike. Ajo ka shp\u00ebtuar deri m\u00eb tani duke u fshehur pas ministrave q\u00eb i ka p\u00ebrcjell\u00eb, nd\u00ebrkoh\u00eb q\u00eb asnj\u00eb afer\u00eb n\u00eb tre ministri nuk ka kaluar pa firm\u00ebn e saj si sekretare e p\u00ebrgjithshme.<\/p>\n<p>Gela i ka mbijtuar p\u00ebr 10 vite t\u00eb gjitha l\u00ebvizjeve dhe luft\u00ebrave t\u00eb brendshme p\u00ebr para dhe pushtet, \u00e7ka tregon p\u00ebr lidhje t\u00eb forta klienteliste dhe klanore, por nj\u00eb verifikim i thjesht\u00eb i pasuris\u00eb s\u00eb  familjar\u00ebve t\u00eb saj, p\u00ebrfshir\u00eb babain pensionist q\u00eb luan domino, do t\u00eb kishte t\u00eb nj\u00ebjtin fat si Arben Ahmetaj.<\/p>\n<p>Tentakulat n\u00eb administrat\u00eb t\u00eb Gelardina Prodanit<\/p>\n<p>1. Ish an\u00ebtare e K\u00ebshillit Mbik\u00ebqyr\u00ebs t\u00eb Portit Detar Vlor\u00eb<\/p>\n<p>2. Ish an\u00ebtare e bordit t\u00eb AMSHC-s\u00eb<\/p>\n<p>3.Trajniere n\u00eb Shkoll\u00ebn Shqiptare t\u00eb Administrat\u00ebs Publike<\/p>\n<p>4. Drejtore e Shqip\u00ebris\u00eb nga Banka e Detit t\u00eb Zi<\/p>\n<p>5. Ish an\u00ebtare e Bordit Drejtues te Zyr\u00ebs Qendrore t\u00eb Regjistrimit t\u00eb Pasurive t\u00eb Paluajtshme<\/p>\n<p>6. Ish an\u00ebtare e K\u00ebshillit Mbik\u00ebqyr\u00ebs t\u00eb Agjencis\u00eb s\u00eb Trajtimit t\u00eb Kredive.<\/p>\n<p>7. Pjes\u00eb e vler\u00ebsimit t\u00eb  ofertave t\u00eb licencave tek AKEP<\/p>\n<p>8. Ish an\u00ebtare e k\u00ebshillit administrativ t\u00eb Fastip.<\/p>\n<p>9. Ish an\u00ebtare e K\u00ebshillit t\u00eb Teatrit eksperimental Spahivogli<\/p>\n<p>10. Ish an\u00ebtare e Komitetit t\u00eb Menaxhimit t\u00eb Financave Pyblike<\/p>\n<p>11. Ish pjes\u00eb e Fondit t\u00eb Sigurimeve t\u00eb Kujdesit Sh\u00ebndet\u00ebsor<\/p>\n<p>12. Ish an\u00ebtare K\u00ebshillit Administrativ t\u00eb Universitetit t\u00eb Durr\u00ebsit<\/p>\n<p>13. Ish an\u00ebtare e Bordit t\u00eb Zyr\u00ebs Qendrore t\u00eb Regjistrimit t\u00eb Pasurive.<\/p>\n<p>14. Ish an\u00ebtare d K\u00ebshillit Administrativ t\u00eb ISKSH-s\u00eb.<\/p>\n<p>15. Ish an\u00ebtare e Bordit t\u00eb Qendr\u00ebs Kulturore t\u00eb F\u00ebmij\u00ebve.<\/p>\n<p>16. Ish pedagoge n\u00eb universitetin e Henri \u00c7ilit<\/p>\n<p>17. Ish pedagoge e jashtme n\u00eb Fakultetin Ekonomik.<\/p>\n<p>18. Ish an\u00ebtare e bordit t\u00eb fondacionit \u201cBesa\u201d<\/p>\n<p>19. Ish an\u00ebtare d bordit t\u00eb Autoritetit t\u00eb Sh\u00ebndetit Rajonal.<\/p>\n<p>20. Ish an\u00ebtare e Grupit Nd\u00ebrministror t\u00eb Decentralizimit.<\/p>\n\n<div style=\"font-size: 0px; height: 0px; line-height: 0px; margin: 0; padding: 0; clear: both;\"><\/div>","protected":false},"excerpt":{"rendered":"<p>Thon\u00eb se nuk ka firmosur asnj\u00eb tender, koncension apo privatizim t\u00eb pasurive publike, pa marr\u00eb pjes\u00ebn e saj, si sekretare e p\u00ebrgjithshme n\u00eb Ministrin\u00eb e Financave, m\u00eb&#8230; <\/p>\n","protected":false},"author":1,"featured_media":3785,"comment_status":"open","ping_status":"open","sticky":false,"template":"","format":"standard","meta":{"footnotes":""},"categories":[6],"tags":[],"class_list":["post-3784","post","type-post","status-publish","format-standard","has-post-thumbnail","hentry","category-lajme"],"_links":{"self":[{"href":"https:\/\/new.findnews5.com\/index.php?rest_route=\/wp\/v2\/posts\/3784","targetHints":{"allow":["GET"]}}],"collection":[{"href":"https:\/\/new.findnews5.com\/index.php?rest_route=\/wp\/v2\/posts"}],"about":[{"href":"https:\/\/new.findnews5.com\/index.php?rest_route=\/wp\/v2\/types\/post"}],"author":[{"embeddable":true,"href":"https:\/\/new.findnews5.com\/index.php?rest_route=\/wp\/v2\/users\/1"}],"replies":[{"embeddable":true,"href":"https:\/\/new.findnews5.com\/index.php?rest_route=%2Fwp%2Fv2%2Fcomments&post=3784"}],"version-history":[{"count":0,"href":"https:\/\/new.findnews5.com\/index.php?rest_route=\/wp\/v2\/posts\/3784\/revisions"}],"wp:featuredmedia":[{"embeddable":true,"href":"https:\/\/new.findnews5.com\/index.php?rest_route=\/wp\/v2\/media\/3785"}],"wp:attachment":[{"href":"https:\/\/new.findnews5.com\/index.php?rest_route=%2Fwp%2Fv2%2Fmedia&parent=3784"}],"wp:term":[{"taxonomy":"category","embeddable":true,"href":"https:\/\/new.findnews5.com\/index.php?rest_route=%2Fwp%2Fv2%2Fcategories&post=3784"},{"taxonomy":"post_tag","embeddable":true,"href":"https:\/\/new.findnews5.com\/index.php?rest_route=%2Fwp%2Fv2%2Ftags&post=3784"}],"curies":[{"name":"wp","href":"https:\/\/api.w.org\/{rel}","templated":true}]}}