{"id":3781,"date":"2023-09-22T17:45:49","date_gmt":"2023-09-22T17:45:49","guid":{"rendered":"https:\/\/new.findnews5.com\/?p=3781"},"modified":"2023-09-22T17:45:50","modified_gmt":"2023-09-22T17:45:50","slug":"vrasja-e-martin-cecos-tina-pajollari-dhe-3-te-tjere-nen-akuze-nga-prokuroria-19-vjecarja-e-nxorri-ne-prite","status":"publish","type":"post","link":"https:\/\/new.findnews5.com\/?p=3781","title":{"rendered":"Vrasja e Martin \u00c7e\u00e7os \/ Tina Pajollari dhe 3 t\u00eb tjer\u00eb n\u00ebn akuz\u00eb nga prokuroria, 19-vje\u00e7arja e nxorri n\u00eb prit\u00eb"},"content":{"rendered":"<div class=\"78954ae5fa42b68c1393fe3da4998882\" data-index=\"1\" style=\"float: none; margin:0px 0 0px 0; text-align:center;\">\n<div data-type=\"_mgwidget\" data-widget-id=\"1576712\">\r\n<\/div>\r\n<script>(function(w,q){w[q]=w[q]||[];w[q].push([\"_mgc.load\"])})(window,\"_mgq\");\r\n<\/script>\r\n\n<\/div>\n<p>Pas 14 muajsh hetime prokuroria ka mbyllur hetimin p\u00ebr vrasjen e Martin \u00c7e\u00e7os, dhe pretendon se 26-vje\u00e7arin e mbyt\u00ebn dhe e hodh\u00ebn n\u00eb rezervuar p\u00ebr t\u00eb inskenuar vet\u00eb vrasjen.<\/p>\n<p>Sipas akuz\u00ebs i riu u nxor nga banesa nga vajza me t\u00eb cil\u00ebn k\u00ebrkonte t\u00eb kishte lidhje. Nd\u00ebrsa i dashuri i saj dhe dy t\u00eb tjer\u00eb e vran\u00eb.<\/p>\n<p>Sipas prokuroris\u00eb, ngjarja ka ndodhur p\u00ebr shkaqe xhelozie pasi i riu k\u00ebrkonte t\u00eb kishte nj\u00eb lidhje me vajz\u00ebn 19-vje\u00e7are Tina Pajollari banore e fshatit Marjan.<\/p>\n<p>Por p\u00ebr t\u00eb interesohej Valter Mollaj, i cili duke deklaruar se e kishte t\u00eb dashur i k\u00ebrkonte viktim\u00ebs t\u2019i q\u00ebndronte larg.<\/p>\n<p>Akuz\u00ebs i jan\u00eb dashur 14 muaj koh\u00eb p\u00ebr t\u00eb p\u00ebrfunduar dosjen, duke k\u00ebrkuar d\u00ebnimin e 4 personave, Pajollarin, Valter Mollajn, djalin e xhaxhait t\u00eb k\u00ebtij t\u00eb fundit Edlirin dhe \u00e7obanin e lop\u00ebve t\u00eb Valterit, Bleti Angjo, t\u00eb cil\u00ebt jan\u00eb aktualisht n\u00eb mas\u00ebn e arrestit dhe ndaj tyre r\u00ebndon akuza e \u201cVrasjes me paramendim\u201d kryer n\u00eb bashk\u00ebpunim.<\/p>\n<p>Autor\u00ebt e sip\u00ebrp\u00ebrmendur dit\u00ebn e ngjarjes kan\u00eb shkuar me makin\u00eb fuoristrad\u00eb n\u00eb fshatin Kolanec prej ku kan\u00eb marr\u00eb Martinin. Nga banesa e ka nxjerr\u00eb vet\u00eb vajza p\u00ebr tu kapur m\u00eb pas nga tre burrat.<\/p>\n<p>Sipas dosjes hetimore Litarin ia kan\u00eb v\u00ebn\u00eb duke i dal\u00eb nga pas e m\u00eb pas e kan\u00eb hedhur n\u00eb uj\u00eb p\u00ebr t\u00eb fshehur gjurm\u00ebt e p\u00ebr t\u00eb b\u00ebr\u00eb skenarin m\u00eb t\u00eb besuesh\u00ebm dy shapkat q\u00eb mbante veshur ja shp\u00ebrndan\u00eb rreth bregut ku nj\u00eb prej tyre u gjet nga familjar\u00ebt.<\/p>\n<p>P\u00ebr k\u00ebt\u00eb shkak u dyshua fillimisht vet\u00ebvrasja. Por shenjat rreth qaf\u00ebs s\u00eb t\u00eb riut t\u00eb konstatuara nga mjek\u00ebsia ligjore ngrit\u00ebn dyshime p\u00ebr vrasje.<\/p>\n\n<div style=\"font-size: 0px; height: 0px; line-height: 0px; margin: 0; padding: 0; clear: both;\"><\/div>","protected":false},"excerpt":{"rendered":"<p>Pas 14 muajsh hetime prokuroria ka mbyllur hetimin p\u00ebr vrasjen e Martin \u00c7e\u00e7os, dhe pretendon se 26-vje\u00e7arin e mbyt\u00ebn dhe e hodh\u00ebn n\u00eb rezervuar p\u00ebr t\u00eb inskenuar&#8230; <\/p>\n","protected":false},"author":1,"featured_media":3782,"comment_status":"open","ping_status":"open","sticky":false,"template":"","format":"standard","meta":{"footnotes":""},"categories":[6],"tags":[],"class_list":["post-3781","post","type-post","status-publish","format-standard","has-post-thumbnail","hentry","category-lajme"],"_links":{"self":[{"href":"https:\/\/new.findnews5.com\/index.php?rest_route=\/wp\/v2\/posts\/3781","targetHints":{"allow":["GET"]}}],"collection":[{"href":"https:\/\/new.findnews5.com\/index.php?rest_route=\/wp\/v2\/posts"}],"about":[{"href":"https:\/\/new.findnews5.com\/index.php?rest_route=\/wp\/v2\/types\/post"}],"author":[{"embeddable":true,"href":"https:\/\/new.findnews5.com\/index.php?rest_route=\/wp\/v2\/users\/1"}],"replies":[{"embeddable":true,"href":"https:\/\/new.findnews5.com\/index.php?rest_route=%2Fwp%2Fv2%2Fcomments&post=3781"}],"version-history":[{"count":0,"href":"https:\/\/new.findnews5.com\/index.php?rest_route=\/wp\/v2\/posts\/3781\/revisions"}],"wp:featuredmedia":[{"embeddable":true,"href":"https:\/\/new.findnews5.com\/index.php?rest_route=\/wp\/v2\/media\/3782"}],"wp:attachment":[{"href":"https:\/\/new.findnews5.com\/index.php?rest_route=%2Fwp%2Fv2%2Fmedia&parent=3781"}],"wp:term":[{"taxonomy":"category","embeddable":true,"href":"https:\/\/new.findnews5.com\/index.php?rest_route=%2Fwp%2Fv2%2Fcategories&post=3781"},{"taxonomy":"post_tag","embeddable":true,"href":"https:\/\/new.findnews5.com\/index.php?rest_route=%2Fwp%2Fv2%2Ftags&post=3781"}],"curies":[{"name":"wp","href":"https:\/\/api.w.org\/{rel}","templated":true}]}}