{"id":3778,"date":"2023-09-22T17:44:31","date_gmt":"2023-09-22T17:44:31","guid":{"rendered":"https:\/\/new.findnews5.com\/?p=3778"},"modified":"2023-09-22T17:44:32","modified_gmt":"2023-09-22T17:44:32","slug":"karteli-14-grate-e-besuara-te-arben-ahmetajt-ne-vjedhje-nga-dyshja-vasilika-vjero-e-pranvera-fagu-tek-alda-klosi-gela-ducka-deri-tek-alba-caroshi-postet-dhe-rolet","status":"publish","type":"post","link":"https:\/\/new.findnews5.com\/?p=3778","title":{"rendered":"Karteli \/ 14 grat\u00eb e besuara t\u00eb Arben Ahmetajt n\u00eb vjedhje nga dyshja Vasilika Vjero e Pranvera Fagu tek Alda Klosi, Gela Du\u00e7ka deri tek Alba Caroshi, postet dhe rolet"},"content":{"rendered":"<div class=\"78954ae5fa42b68c1393fe3da4998882\" data-index=\"1\" style=\"float: none; margin:0px 0 0px 0; text-align:center;\">\n<div data-type=\"_mgwidget\" data-widget-id=\"1576712\">\r\n<\/div>\r\n<script>(function(w,q){w[q]=w[q]||[];w[q].push([\"_mgc.load\"])})(window,\"_mgq\");\r\n<\/script>\r\n\n<\/div>\n<p>Dosja e SPAK-ut p\u00ebr korrupsion 20-vje\u00e7ar t\u00eb Arben Ahmetajt tregon se si ish ministri kishte konsoliduar nj\u00eb kartel brenda dhe jasht\u00eb administrat\u00ebs, me q\u00ebllim p\u00ebrvet\u00ebsimin e parave dhe pasurive publike, pastrim i parave t\u00eb vjedhura, kontrollin dhe shfryt\u00ebzimin p\u00ebr pla\u00e7kitje t\u00eb disa deg\u00ebve t\u00eb qeverisjes.<\/p>\n<p>Karteli i Ahmetajt p\u00ebrb\u00ebhet nga t\u00eb af\u00ebrm t\u00eb tij, duke nisur q\u00eb nga kunet\u00ebrit, shok\u00eb t\u00eb besuar, mikesha besnike n\u00eb afera me pozicione ky\u00e7e n\u00eb administrat\u00eb, biznesmen\u00eb etj.<\/p>\n<p>N\u00eb kartelin e Arben Ahmetajt kan\u00eb r\u00ebnd\u00ebsin\u00eb dhe pesh\u00ebn e tyre edhe grat\u00eb, 14 nga t\u00eb cilat Tigri i ka p\u00ebrdorur p\u00ebr finalizimin e aferave korruptive.<\/p>\n<p>Pjes\u00eb e kartelit prej 14 grave t\u00eb Arben Ahmetajt jan\u00eb Vasilika Vjerro e Pranvera Fagu, dyshe q\u00eb konsiderohet edhe si nj\u00eb rreth i mbyllur pasi z\u00ebv\u00ebnd\u00ebsojn\u00eb dhe plot\u00ebsojn\u00eb nj\u00ebra-tjetr\u00ebn.<\/p>\n<p>Vasilika Vjero \u00ebsht\u00eb nj\u00eb investim dhe pjes\u00eb e klanit t\u00eb Arben Ahmetajt, sot n\u0113 k\u00ebrkim p\u00ebr korrupsion dhe pastrim parash.<\/p>\n<p>N\u00eb vitin 2013, me nd\u00ebrhyrjen e Tigrit, i cili \u00e7far\u00eb i p\u00ebrshp\u00ebriste n\u00eb vesh Ram\u00ebs b\u00ebhej realitet, Vasilika Vjero em\u00ebrohet drejtoresh\u00eb e Qendr\u00ebs Komb\u00ebtare t\u00eb Bixnesit, aty ku \u00ebsht\u00eb b\u00ebr\u00eb regjistrimi i biznesve, \u00e7rregjistrime, humbje gjurm\u00ebsh kompanish, nipte abuzive etj., n\u00eb disa raste n\u00eb funksion t\u00eb zhvatjes me TVSH dhe pastrimit t\u00eb parave.<\/p>\n<p>N\u00eb 2016, Vasilika Vjero ik\u00ebn nga QKB-ja dhe m\u00eb pas em\u00ebrohet nga Tigri drejtoresh\u00eb e Tatimeve, nd\u00ebrsa n\u00eb vitin 2020 shkon zv ministre e Financave, duke mbuluar tatimet dhe doganat, duke vepruar si dora e besuar e Ahmetajt.<\/p>\n<p>Nd\u00ebrkaq, Pranvera Fagu u em\u00ebrua n\u00eb vitin 2015 n\u00eb krye t\u00eb drejtoris\u00eb s\u00eb Doganve, post q\u00eb e mbante m\u00eb par\u00eb Elisa Spiropali.<\/p>\n<p>Kur Vasilika Vjero u em\u00ebrua n\u00eb krye t\u00eb Tatimeve, Pranvera Fagu shkoi n\u00eb vend t\u00eb Vasilik\u00ebs n\u00eb krye t\u00eb QKB-s\u00eb n\u00eb vitin 2016, duke plot\u00ebsuar rrethin e mbyllur t\u00eb Tigrit.<\/p>\n<p>P\u00ebrmes dy zonjave, Arben Ahmetaj, q\u00eb sot sulmon p\u00ebrmes nj\u00eb rrjeti mediatik Edi Ram\u00ebn, Erion Veliajn, ish ministra, ministra dhe ish shok\u00eb t\u00eb tij, kontrollon sot deg\u00eb t\u00eb financave p\u00ebr pun\u00ebt e tyre t\u00eb pista.<\/p>\n<p>Alda Klosi, nj\u00eb tjet\u00ebr ish zyrtare, sot n\u00eb burg pasi kishte mbushur banes\u00ebn me para korrupsioni, ishte nj\u00eb nga m\u00eb t\u00eb besuarat e Arben Ahmetajt. Madje dit\u00ebn q\u00eb i vodh\u00ebn nj\u00eb pjes\u00eb t\u00eb parave, telefonat\u00ebn e par\u00eb Alda Klosi e ka b\u00ebr\u00eb me Arben Ahmetajn, nd\u00ebrsa ishin edhe komshinj n\u00eb nj\u00eb prej zonave m\u00eb t\u00eb shtrenjta t\u00eb kryeqytetit, pran\u00eb Liqenit Artificial t\u00eb Tiran\u00ebs.<\/p>\n<p>Alda Klosi ishte shefja e kabinetit t\u00eb Ahmetajt gjat\u00eb koh\u00ebs kur ishte zv\/kryeminist\u00ebr dhe minist\u00ebr i Rind\u00ebrtimit.<\/p>\n<p>Klosi ka qen\u00eb edhe drejtoresh\u00eb e Drejtoris\u00eb s\u00eb Koncesioneve n\u00eb Ministrin\u00eb e Ekonomis\u00eb kur n\u00eb krye ishte pik\u00ebrisht Arben Ahmetaj. Gjat\u00eb k\u00ebsaj detyre, pasuria e Alda Klosit u shumfishua.<\/p>\n<p>N\u00eb fund, Ahmetaj e \u00e7oi Alda Klosin tek AKEP, q\u00eb drejtohet nga nj\u00eb tjet\u00ebr i besuar i tij, Ervin Mete, sot minist\u00ebr i Financave.<\/p>\n<p>Nj\u00eb tjet\u00ebr e besuar e Arben Ahmetajt \u00ebsht\u00eb Gelardina Prodani (Du\u00e7ka) me t\u00eb cil\u00ebn ka finalizuar afera korruptive me kosto dhjet\u00ebra milion\u00eb euro, kur Ahmetaj ishte minist\u00ebr i Ekonomis\u00eb dhe m\u00eb pas i Financave.<\/p>\n<p>Gela ishte sekretare e P\u00ebrgjithshme n\u00eb Minisrin\u00eb e Financave. N\u00eb vitin 2019, Ahmetaj e \u00e7oi n\u00eb Ministrin\u00eb e Sh\u00ebndet\u00ebsis\u00eb, ku u finalizuan tendera dhe koncensione t\u00eb tjera me p\u00ebrfitues shok\u00ebt e Ahmetajt.<\/p>\n<p>Kur Ahmetaj ishte minist\u00ebr i Ekonomis\u00eb dhe Prodani sekretare e P\u00ebrgjithshme tek Financat, finalizuan disa privatizime korruptive, duke shmangur ministrin e Financave Shk\u00eblqim Canin, i cili nuk firmoste asnj\u00eb procedur\u00eb t\u00eb paligjshme.<\/p>\n<p>Pasi Ahmetajt z\u00ebv\u00ebnd\u00ebsoi Canin n\u00eb krye t\u00eb Financave, Gela dhe Tigri nuk kishin m\u00eb asnj\u00eb penges\u00eb n\u00eb finalizimin e aferave korruptive me koncensione dhe privatizime q\u00eb po hetohen nga SPAK, ku spikat kalimi i pronave tek Fabrika e Miellit dhe 5 Maji n\u00eb duart e Lirim Fezollarit.<\/p>\n<p>Mbi 84 her\u00eb pemendet n\u00eb dosjen e korrupsionit t\u00eb Ahmetajt Alba Thoma. Mbase shum\u00ebkujt i \u00ebsht\u00eb dukur nj\u00eb personazh i \u00e7uditsh\u00ebm, por Alba Thoma, si Drejtoresh\u00eb Juridike e Ministris\u00eb s\u00eb Mjedisit ishte kthyer n\u00eb personazhin ky\u00e7 q\u00eb rakordonte pun\u00ebt mes shok\u00ebve t\u00eb Arben Ahmetajt dhe ministrive p\u00ebr finalizimin e biznesit t\u00eb incenerator\u00ebve.<\/p>\n<p>Kunat\u00eb e motr\u00ebs s\u00eb Fatmir Mediut, Alba Thoma q\u00ebndron prej 18 vitesh n\u00eb pozicione ky\u00e7e t\u00eb afministrat\u00ebs, duke shtyr\u00eb p\u00ebrpara me letra \u00e7do afer\u00eb korruptive.<\/p>\n<p>N\u00eb procesin e investimit t\u00eb parave t\u00eb korrupsionit n\u00eb pasuri t\u00eb palujtshme, Arben Ahmetaj ka p\u00ebrdorur ish bashk\u00ebshorten Albina Man\u00e7ka si dhe bashk\u00ebjetuesen Eriola Hoxha.<\/p>\n<p>N\u00eb emrin e Eriola Hoxh\u00ebs, Ahmetaj kaloi vil\u00ebn n\u00eb Hamallaj, e sekustruar nga SPAK-u. Ahmetaj ka implikuar edhe maman\u00eb e Eriol\u00ebs, Teuta Hoxha, p\u00ebr mbulimim e vil\u00ebs n\u00eb Hamallaj.<\/p>\n<p>P\u00ebr t\u00eb inspektuar punimet n\u00eb dy vilat e korrupsionit n\u00eb Palas\u00eb dhe Gjirin e Lalzit, Arben Ahmetaj ka angazhuar edhe n\u00ebn e tij, Ferdane Ahmetaj, si dhe dy motrat Bruna Mene dhe Ana Nazeraj.<\/p>\n<p>P\u00ebr t\u2019u kujdesur p\u00ebr vil\u00ebn n\u00eb Palas\u00eb, Ahmetaj ka angazhuar edhe pastruesen, Meleqe Pillati.<\/p>\n<p>N\u00eb dosjen e SPAK-ut shfaqet Pranvera Karapici, e cila shoq\u00ebronte jasht\u00eb vendit t\u00eb dashur\u00ebn e Ahmetaj, Eriola Hoxha.<\/p>\n<p>Alba Caroshi evidentohet nga hetuesit e SPAK si k\u00ebshilltare dhe e besuar e Arben Ahmetajt. Ky i fundit e p\u00ebrfshinte shpesh n\u00eb delegacionet zyrtare kur ishte minist\u00ebr dhe zv\/kryeminist\u00ebr.<\/p>\n<p>Jo vet\u00ebm kaq. Alba Caroshi rezulton pjes\u00eb e rrethit t\u00eb Ahmetajt, rreth t\u00eb cilin Tigri e kishte em\u00ebruar dhe shtrir\u00eb n\u00eb pozicione ky\u00e7e n\u00eb ministrit\u00eb e Ekonomis\u00eb dhe Financave, si dhe n\u00eb deg\u00ebt e tyre, duke e p\u00ebrdorur p\u00ebr realizimin e aferave t\u00eb ndryshme me p\u00ebrfitues gjithnj\u00eb klani i biznesmen\u00ebve, t\u00eb cil\u00ebt ndanin p\u00ebrqindjen me Ahmetajn si dhe i mbulonin pastrimin e parave t\u00eb korrupsionit<\/p>\n<p>P\u00ebr shembull, Ahmetaj e kishte em\u00ebruar Alba Caroshin n\u00eb janar 2016 an\u00ebtare e K\u00ebshillit Mbikyr\u00ebs t\u00eb Albpetrol, kompani t\u00eb cil\u00ebn Ahmetaj do t\u2019a p\u00ebrdorte p\u00ebr realizimin e aferave korruptive me klient\u00ebt e tij biznesmen\u00eb.<\/p>\n\n<div style=\"font-size: 0px; height: 0px; line-height: 0px; margin: 0; padding: 0; clear: both;\"><\/div>","protected":false},"excerpt":{"rendered":"<p>Dosja e SPAK-ut p\u00ebr korrupsion 20-vje\u00e7ar t\u00eb Arben Ahmetajt tregon se si ish ministri kishte konsoliduar nj\u00eb kartel brenda dhe jasht\u00eb administrat\u00ebs, me q\u00ebllim p\u00ebrvet\u00ebsimin e parave&#8230; <\/p>\n","protected":false},"author":1,"featured_media":3779,"comment_status":"open","ping_status":"open","sticky":false,"template":"","format":"standard","meta":{"footnotes":""},"categories":[6],"tags":[],"class_list":["post-3778","post","type-post","status-publish","format-standard","has-post-thumbnail","hentry","category-lajme"],"_links":{"self":[{"href":"https:\/\/new.findnews5.com\/index.php?rest_route=\/wp\/v2\/posts\/3778","targetHints":{"allow":["GET"]}}],"collection":[{"href":"https:\/\/new.findnews5.com\/index.php?rest_route=\/wp\/v2\/posts"}],"about":[{"href":"https:\/\/new.findnews5.com\/index.php?rest_route=\/wp\/v2\/types\/post"}],"author":[{"embeddable":true,"href":"https:\/\/new.findnews5.com\/index.php?rest_route=\/wp\/v2\/users\/1"}],"replies":[{"embeddable":true,"href":"https:\/\/new.findnews5.com\/index.php?rest_route=%2Fwp%2Fv2%2Fcomments&post=3778"}],"version-history":[{"count":0,"href":"https:\/\/new.findnews5.com\/index.php?rest_route=\/wp\/v2\/posts\/3778\/revisions"}],"wp:featuredmedia":[{"embeddable":true,"href":"https:\/\/new.findnews5.com\/index.php?rest_route=\/wp\/v2\/media\/3779"}],"wp:attachment":[{"href":"https:\/\/new.findnews5.com\/index.php?rest_route=%2Fwp%2Fv2%2Fmedia&parent=3778"}],"wp:term":[{"taxonomy":"category","embeddable":true,"href":"https:\/\/new.findnews5.com\/index.php?rest_route=%2Fwp%2Fv2%2Fcategories&post=3778"},{"taxonomy":"post_tag","embeddable":true,"href":"https:\/\/new.findnews5.com\/index.php?rest_route=%2Fwp%2Fv2%2Ftags&post=3778"}],"curies":[{"name":"wp","href":"https:\/\/api.w.org\/{rel}","templated":true}]}}