{"id":3775,"date":"2023-09-22T17:28:09","date_gmt":"2023-09-22T17:28:09","guid":{"rendered":"https:\/\/new.findnews5.com\/?p=3775"},"modified":"2023-09-22T17:28:11","modified_gmt":"2023-09-22T17:28:11","slug":"ne-emergjencen-e-spitalit-te-gjilanit-rikthehet-ne-jete-pacienti-i-cili-ishte-sjelle-pa-shenja-jete","status":"publish","type":"post","link":"https:\/\/new.findnews5.com\/?p=3775","title":{"rendered":"N\u00eb Emergjenc\u00ebn e Spitalit t\u00eb Gjilanit rikthehet n\u00eb jet\u00eb pacienti i cili ishte sjelle pa shenja jete"},"content":{"rendered":"<div class=\"78954ae5fa42b68c1393fe3da4998882\" data-index=\"1\" style=\"float: none; margin:0px 0 0px 0; text-align:center;\">\n<div data-type=\"_mgwidget\" data-widget-id=\"1576712\">\r\n<\/div>\r\n<script>(function(w,q){w[q]=w[q]||[];w[q].push([\"_mgc.load\"])})(window,\"_mgq\");\r\n<\/script>\r\n\n<\/div>\n<p>Me daten 17.09.2023  n\u00eb ora 14:00, \u00ebsht\u00eb sjell nj\u00eb pacient pa shenja jete, ekipi emergjent i udh\u00ebhequr nga Shefi i Emergjenc\u00ebs Dr.Begush Canaj arritn\u00eb ta rikthejn\u00eb n\u00eb jet\u00eb pacientin.<\/p>\n<p>Pacienti sillet n\u00eb  gjendje t\u00eb rend\u00eb pa shenja jete, n\u00eb arrest kardiorespirator. Pas marrjes s\u00eb menj\u00ebhershme t\u00eb  masave t\u00eb reanimimit kardiopulmonar t\u00eb cilat kan\u00eb zgjatur  af\u00ebr 15 minuta pacienti rikthehet n\u00eb jet\u00eb me parametra vital stabil me frymarrje normale  dhe me vet\u00ebdije.<\/p>\n<p>Pacienti pas stabilizimit hemodinamik n\u00eb m\u00ebnyr\u00eb t\u00eb sigurt\u00eb me autoambulanc\u00eb n\u00ebn shoq\u00ebrimin e Mjekut Dr.Begush Canaj dhe infermieres Valbona Gashi p\u00ebrcillet p\u00ebr Prishtin\u00eb n\u00eb QKUK n\u00eb repartin e Kardiolgjis\u00eb ku i n\u00ebnshtrohet procedures s\u00eb Kardioangiografis\u00eb dhe stentohet.<\/p>\n<p>Ky nuk \u00ebsht\u00eb rast i vet\u00ebm q\u00eb fal\u00eb angazhimit dhe pun\u00ebs profesionale t\u00eb stafit t\u00eb Emergjenc\u00ebs pacientet rikthehen n\u00eb jet\u00eb n\u00eb m\u00ebnyr\u00eb t\u00eb sukseshme.<\/p>\n<p>Stafi i Emergjenc\u00ebs n\u00eb Spitalin e P\u00ebrgjithsh\u00ebm Gjilan \u00ebsht\u00eb v\u00ebrtet i p\u00ebrkushtuar q\u00eb n\u00eb m\u00ebnyr\u00eb t\u00eb sigurt\u00eb  dhe t\u00eb shpejt t\u00eb japin sh\u00ebrbime sh\u00ebndet\u00ebsore p\u00ebr t\u00eb gjith\u00eb qytetar\u00ebt q\u00eb k\u00ebrkojn ndihm e sidomos ata n\u00eb gjendje t\u00eb r\u00ebnduar t\u00eb s\u00ebmundjes apo lendimeve traumatike.<\/p>\n<p>Shef i Emergjenc\u00ebs Dr.Begush Canaj<br \/>\nMot\u00ebr kryesore Sevdie Haziri Musliu<\/p>\n\n<div style=\"font-size: 0px; height: 0px; line-height: 0px; margin: 0; padding: 0; clear: both;\"><\/div>","protected":false},"excerpt":{"rendered":"<p>Me daten 17.09.2023 n\u00eb ora 14:00, \u00ebsht\u00eb sjell nj\u00eb pacient pa shenja jete, ekipi emergjent i udh\u00ebhequr nga Shefi i Emergjenc\u00ebs Dr.Begush Canaj arritn\u00eb ta rikthejn\u00eb n\u00eb&#8230; <\/p>\n","protected":false},"author":1,"featured_media":3776,"comment_status":"open","ping_status":"open","sticky":false,"template":"","format":"standard","meta":{"footnotes":""},"categories":[6],"tags":[],"class_list":["post-3775","post","type-post","status-publish","format-standard","has-post-thumbnail","hentry","category-lajme"],"_links":{"self":[{"href":"https:\/\/new.findnews5.com\/index.php?rest_route=\/wp\/v2\/posts\/3775","targetHints":{"allow":["GET"]}}],"collection":[{"href":"https:\/\/new.findnews5.com\/index.php?rest_route=\/wp\/v2\/posts"}],"about":[{"href":"https:\/\/new.findnews5.com\/index.php?rest_route=\/wp\/v2\/types\/post"}],"author":[{"embeddable":true,"href":"https:\/\/new.findnews5.com\/index.php?rest_route=\/wp\/v2\/users\/1"}],"replies":[{"embeddable":true,"href":"https:\/\/new.findnews5.com\/index.php?rest_route=%2Fwp%2Fv2%2Fcomments&post=3775"}],"version-history":[{"count":0,"href":"https:\/\/new.findnews5.com\/index.php?rest_route=\/wp\/v2\/posts\/3775\/revisions"}],"wp:featuredmedia":[{"embeddable":true,"href":"https:\/\/new.findnews5.com\/index.php?rest_route=\/wp\/v2\/media\/3776"}],"wp:attachment":[{"href":"https:\/\/new.findnews5.com\/index.php?rest_route=%2Fwp%2Fv2%2Fmedia&parent=3775"}],"wp:term":[{"taxonomy":"category","embeddable":true,"href":"https:\/\/new.findnews5.com\/index.php?rest_route=%2Fwp%2Fv2%2Fcategories&post=3775"},{"taxonomy":"post_tag","embeddable":true,"href":"https:\/\/new.findnews5.com\/index.php?rest_route=%2Fwp%2Fv2%2Ftags&post=3775"}],"curies":[{"name":"wp","href":"https:\/\/api.w.org\/{rel}","templated":true}]}}