{"id":3765,"date":"2023-09-22T14:43:29","date_gmt":"2023-09-22T14:43:29","guid":{"rendered":"https:\/\/new.findnews5.com\/?p=3765"},"modified":"2023-09-22T14:43:30","modified_gmt":"2023-09-22T14:43:30","slug":"kercenimet-e-greqise-rama-i-prere-nese-mbeti-kjo-pune-te-beleri-nami-u-befte-e-mos-hyfshim-kurre-ne-be","status":"publish","type":"post","link":"https:\/\/new.findnews5.com\/?p=3765","title":{"rendered":"K\u00ebrc\u00ebnimet e Greqis\u00eb, Rama i prer\u00eb: N\u00ebse mbeti kjo pun\u00eb te Beleri, nami u b\u00ebft\u00eb e mos hyfshim kurr\u00eb n\u00eb BE"},"content":{"rendered":"<div class=\"78954ae5fa42b68c1393fe3da4998882\" data-index=\"1\" style=\"float: none; margin:0px 0 0px 0; text-align:center;\">\n<div data-type=\"_mgwidget\" data-widget-id=\"1576712\">\r\n<\/div>\r\n<script>(function(w,q){w[q]=w[q]||[];w[q].push([\"_mgc.load\"])})(window,\"_mgq\");\r\n<\/script>\r\n\n<\/div>\n<p>Edi Rama ka th\u00ebn\u00eb se nuk beson q\u00eb integrimi i Shqip\u00ebris\u00eb n\u00eb Bashkimin Europian do t\u00eb pengohet nga Greqia p\u00ebr shkak t\u00eb Fredi Belerit.<\/p>\n<p>Rama iu referua k\u00ebtu nj\u00eb date t\u00eb mundshme si viti 2030 p\u00ebr integrim t\u00eb vendeve t\u00eb Ballkanit Per\u00ebndimor n\u00eb union.<\/p>\n<p>\u201cN\u00ebse do mbetet kjo pun\u00eb te Beleri, nami u b\u00ebft\u00eb e mos hyfshim kurr\u00eb n\u00eb BE\u201d, tha Rama gjat\u00eb nj\u00eb interviste ne abcnews.<\/p>\n\n<div style=\"font-size: 0px; height: 0px; line-height: 0px; margin: 0; padding: 0; clear: both;\"><\/div>","protected":false},"excerpt":{"rendered":"<p>Edi Rama ka th\u00ebn\u00eb se nuk beson q\u00eb integrimi i Shqip\u00ebris\u00eb n\u00eb Bashkimin Europian do t\u00eb pengohet nga Greqia p\u00ebr shkak t\u00eb Fredi Belerit. Rama iu referua&#8230; <\/p>\n","protected":false},"author":1,"featured_media":3766,"comment_status":"open","ping_status":"open","sticky":false,"template":"","format":"standard","meta":{"footnotes":""},"categories":[6],"tags":[],"class_list":["post-3765","post","type-post","status-publish","format-standard","has-post-thumbnail","hentry","category-lajme"],"_links":{"self":[{"href":"https:\/\/new.findnews5.com\/index.php?rest_route=\/wp\/v2\/posts\/3765","targetHints":{"allow":["GET"]}}],"collection":[{"href":"https:\/\/new.findnews5.com\/index.php?rest_route=\/wp\/v2\/posts"}],"about":[{"href":"https:\/\/new.findnews5.com\/index.php?rest_route=\/wp\/v2\/types\/post"}],"author":[{"embeddable":true,"href":"https:\/\/new.findnews5.com\/index.php?rest_route=\/wp\/v2\/users\/1"}],"replies":[{"embeddable":true,"href":"https:\/\/new.findnews5.com\/index.php?rest_route=%2Fwp%2Fv2%2Fcomments&post=3765"}],"version-history":[{"count":0,"href":"https:\/\/new.findnews5.com\/index.php?rest_route=\/wp\/v2\/posts\/3765\/revisions"}],"wp:featuredmedia":[{"embeddable":true,"href":"https:\/\/new.findnews5.com\/index.php?rest_route=\/wp\/v2\/media\/3766"}],"wp:attachment":[{"href":"https:\/\/new.findnews5.com\/index.php?rest_route=%2Fwp%2Fv2%2Fmedia&parent=3765"}],"wp:term":[{"taxonomy":"category","embeddable":true,"href":"https:\/\/new.findnews5.com\/index.php?rest_route=%2Fwp%2Fv2%2Fcategories&post=3765"},{"taxonomy":"post_tag","embeddable":true,"href":"https:\/\/new.findnews5.com\/index.php?rest_route=%2Fwp%2Fv2%2Ftags&post=3765"}],"curies":[{"name":"wp","href":"https:\/\/api.w.org\/{rel}","templated":true}]}}