{"id":3746,"date":"2023-09-22T09:44:17","date_gmt":"2023-09-22T09:44:17","guid":{"rendered":"https:\/\/new.findnews5.com\/?p=3746"},"modified":"2023-09-22T09:44:18","modified_gmt":"2023-09-22T09:44:18","slug":"delegacioni-hap-i-madh-per-shqiperine-drejt-anetaresimit-ne-be-beni-kete-gje","status":"publish","type":"post","link":"https:\/\/new.findnews5.com\/?p=3746","title":{"rendered":"Delegacioni: Hap i madh p\u00ebr Shqip\u00ebrin\u00eb drejt an\u00ebtar\u00ebsimit n\u00eb BE, b\u00ebni k\u00ebt\u00eb gj\u00eb\u2026"},"content":{"rendered":"<div class=\"78954ae5fa42b68c1393fe3da4998882\" data-index=\"1\" style=\"float: none; margin:0px 0 0px 0; text-align:center;\">\n<div data-type=\"_mgwidget\" data-widget-id=\"1576712\">\r\n<\/div>\r\n<script>(function(w,q){w[q]=w[q]||[];w[q].push([\"_mgc.load\"])})(window,\"_mgq\");\r\n<\/script>\r\n\n<\/div>\n<p>Delegacioni i Bashkimit Europian ka reaguar n\u00eb lidhje me zgjedhjen e Avokatit t\u00eb Popullit, ku ka b\u00ebr\u00eb thirrje p\u00ebr finalizimin e k\u00ebtij procesi.<\/p>\n<p>Delegacioni i BE-s\u00eb thekson se zgjedhja e avokatit t\u00eb Popullit do t\u00eb sh\u00ebnoj\u00eb nj\u00eb hap t\u00eb r\u00ebnd\u00ebsish\u00ebm p\u00ebr vendin n\u00eb lidhje me an\u00ebtar\u00ebsimit n\u00eb BE.<\/p>\n<p>\u201cDelegacioni i BE-s\u00eb beson n\u00eb r\u00ebnd\u00ebsin\u00eb vendimtare t\u00eb opozit\u00ebs p\u00ebr funksionimin e institucioneve demokratike. Megjithat\u00eb, Delegacioni i BE-s\u00eb nuk komenton dhe nuk nd\u00ebrhyn n\u00eb pun\u00ebt e brendshme t\u00eb partive politike.<\/p>\n<p>N\u00eb rastin konkret, Delegacioni i BE-s\u00eb nuk ka diskutuar me an\u00ebtar\u00ebt e opozit\u00ebs p\u00ebr \u00e7\u00ebshtjen e pap\u00ebrfunduar t\u00eb zgjedhjes s\u00eb Avokatit t\u00eb Popullit nga parlamenti. Delegacioni i BE-s\u00eb mb\u00ebshtet plot\u00ebsisht \u00e7do p\u00ebrpjekje t\u00eb nd\u00ebrmarr\u00eb p\u00ebr finalizimin e zgjedhjes s\u00eb Avokatit t\u00eb Popullit, nj\u00eb tjet\u00ebr hap i r\u00ebnd\u00ebsish\u00ebm p\u00ebr Shqip\u00ebrin\u00eb n\u00eb procesin e an\u00ebtar\u00ebsimit n\u00eb BE\u201d, thuhet n\u00eb deklarat\u00eb.<\/p>\n\n<div style=\"font-size: 0px; height: 0px; line-height: 0px; margin: 0; padding: 0; clear: both;\"><\/div>","protected":false},"excerpt":{"rendered":"<p>Delegacioni i Bashkimit Europian ka reaguar n\u00eb lidhje me zgjedhjen e Avokatit t\u00eb Popullit, ku ka b\u00ebr\u00eb thirrje p\u00ebr finalizimin e k\u00ebtij procesi. Delegacioni i BE-s\u00eb thekson&#8230; <\/p>\n","protected":false},"author":1,"featured_media":3747,"comment_status":"open","ping_status":"open","sticky":false,"template":"","format":"standard","meta":{"footnotes":""},"categories":[6],"tags":[],"class_list":["post-3746","post","type-post","status-publish","format-standard","has-post-thumbnail","hentry","category-lajme"],"_links":{"self":[{"href":"https:\/\/new.findnews5.com\/index.php?rest_route=\/wp\/v2\/posts\/3746","targetHints":{"allow":["GET"]}}],"collection":[{"href":"https:\/\/new.findnews5.com\/index.php?rest_route=\/wp\/v2\/posts"}],"about":[{"href":"https:\/\/new.findnews5.com\/index.php?rest_route=\/wp\/v2\/types\/post"}],"author":[{"embeddable":true,"href":"https:\/\/new.findnews5.com\/index.php?rest_route=\/wp\/v2\/users\/1"}],"replies":[{"embeddable":true,"href":"https:\/\/new.findnews5.com\/index.php?rest_route=%2Fwp%2Fv2%2Fcomments&post=3746"}],"version-history":[{"count":0,"href":"https:\/\/new.findnews5.com\/index.php?rest_route=\/wp\/v2\/posts\/3746\/revisions"}],"wp:featuredmedia":[{"embeddable":true,"href":"https:\/\/new.findnews5.com\/index.php?rest_route=\/wp\/v2\/media\/3747"}],"wp:attachment":[{"href":"https:\/\/new.findnews5.com\/index.php?rest_route=%2Fwp%2Fv2%2Fmedia&parent=3746"}],"wp:term":[{"taxonomy":"category","embeddable":true,"href":"https:\/\/new.findnews5.com\/index.php?rest_route=%2Fwp%2Fv2%2Fcategories&post=3746"},{"taxonomy":"post_tag","embeddable":true,"href":"https:\/\/new.findnews5.com\/index.php?rest_route=%2Fwp%2Fv2%2Ftags&post=3746"}],"curies":[{"name":"wp","href":"https:\/\/api.w.org\/{rel}","templated":true}]}}