{"id":3737,"date":"2023-09-22T09:34:53","date_gmt":"2023-09-22T09:34:53","guid":{"rendered":"https:\/\/new.findnews5.com\/?p=3737"},"modified":"2023-09-22T09:34:54","modified_gmt":"2023-09-22T09:34:54","slug":"pas-perplasjes-me-ruset-zelensky-ka-dy-fjale-per-edi-ramen-i-tregoi-botes-se","status":"publish","type":"post","link":"https:\/\/new.findnews5.com\/?p=3737","title":{"rendered":"Pas p\u00ebrplasjes me Rus\u00ebt\/ Zelensky ka dy fjal\u00eb p\u00ebr Edi Ram\u00ebn: I tregoi bot\u00ebs se\u2026"},"content":{"rendered":"<div class=\"78954ae5fa42b68c1393fe3da4998882\" data-index=\"1\" style=\"float: none; margin:0px 0 0px 0; text-align:center;\">\n<div data-type=\"_mgwidget\" data-widget-id=\"1576712\">\r\n<\/div>\r\n<script>(function(w,q){w[q]=w[q]||[];w[q].push([\"_mgc.load\"])})(window,\"_mgq\");\r\n<\/script>\r\n\n<\/div>\n<p>Presidenti i Ukrain\u00ebs, Volodymir Zelensky ka falenderuar kryeministrin Edi Rama, p\u00ebr qendrimin q\u00eb mbajti ai gjat\u00eb mbledhjes s\u00eb K\u00ebshillit t\u00eb Sigurimit n\u00eb OKB, ku u p\u00ebrplas me delegacionin Rus.<\/p>\n<p>Pas mbarimit t\u00eb fjal\u00ebs s\u00eb Ram\u00ebs n\u00eb cil\u00ebsin\u00eb e drejtuesit t\u00eb mbledhjes s\u00eb K\u00ebshillit t\u00eb Sigurimit, delegacioni rus i k\u00ebrkoi \u201cllogari\u201d se pse klejoi Zelenskyn t\u00eb flas\u00eb i pari, i menj\u00ebherh\u00ebm ishte reagimi i kryeministrit shqiptar, i cili k\u00ebrkoi t\u00eb mos provokohej.<\/p>\n<p>Lidhur e qendrimin e Ram\u00ebs, i cili ua b\u00ebri t\u00eb qart\u00eb rus\u00ebve se n\u00ebse nuk duan Zelenskyn q\u00eb t\u00eb flas\u00eb at\u00ebher\u00eb duhet t\u00eb ndalin luft\u00ebn, ka reaguar edhe Presidenti i Ukrain\u00ebs.<\/p>\n<p>\u201cI dashur Edi Rama, sot n\u00eb K\u00ebshillin e Sigurimit t\u00eb OKB-s\u00eb ju i treguat bot\u00ebs se si ta trajtoj\u00eb sakt\u00eb Rusin\u00eb, g\u00ebnjeshtrat dhe hipokrizin\u00eb e saj. Ju fal\u00ebnderoj q\u00eb e drejtoni Presidenc\u00ebn n\u00eb nj\u00eb m\u00ebnyr\u00eb kaq parimore\u201d, shkruan Zelensky.<\/p>\n\n<div style=\"font-size: 0px; height: 0px; line-height: 0px; margin: 0; padding: 0; clear: both;\"><\/div>","protected":false},"excerpt":{"rendered":"<p>Presidenti i Ukrain\u00ebs, Volodymir Zelensky ka falenderuar kryeministrin Edi Rama, p\u00ebr qendrimin q\u00eb mbajti ai gjat\u00eb mbledhjes s\u00eb K\u00ebshillit t\u00eb Sigurimit n\u00eb OKB, ku u p\u00ebrplas me&#8230; <\/p>\n","protected":false},"author":1,"featured_media":3738,"comment_status":"open","ping_status":"open","sticky":false,"template":"","format":"standard","meta":{"footnotes":""},"categories":[6],"tags":[],"class_list":["post-3737","post","type-post","status-publish","format-standard","has-post-thumbnail","hentry","category-lajme"],"_links":{"self":[{"href":"https:\/\/new.findnews5.com\/index.php?rest_route=\/wp\/v2\/posts\/3737","targetHints":{"allow":["GET"]}}],"collection":[{"href":"https:\/\/new.findnews5.com\/index.php?rest_route=\/wp\/v2\/posts"}],"about":[{"href":"https:\/\/new.findnews5.com\/index.php?rest_route=\/wp\/v2\/types\/post"}],"author":[{"embeddable":true,"href":"https:\/\/new.findnews5.com\/index.php?rest_route=\/wp\/v2\/users\/1"}],"replies":[{"embeddable":true,"href":"https:\/\/new.findnews5.com\/index.php?rest_route=%2Fwp%2Fv2%2Fcomments&post=3737"}],"version-history":[{"count":0,"href":"https:\/\/new.findnews5.com\/index.php?rest_route=\/wp\/v2\/posts\/3737\/revisions"}],"wp:featuredmedia":[{"embeddable":true,"href":"https:\/\/new.findnews5.com\/index.php?rest_route=\/wp\/v2\/media\/3738"}],"wp:attachment":[{"href":"https:\/\/new.findnews5.com\/index.php?rest_route=%2Fwp%2Fv2%2Fmedia&parent=3737"}],"wp:term":[{"taxonomy":"category","embeddable":true,"href":"https:\/\/new.findnews5.com\/index.php?rest_route=%2Fwp%2Fv2%2Fcategories&post=3737"},{"taxonomy":"post_tag","embeddable":true,"href":"https:\/\/new.findnews5.com\/index.php?rest_route=%2Fwp%2Fv2%2Ftags&post=3737"}],"curies":[{"name":"wp","href":"https:\/\/api.w.org\/{rel}","templated":true}]}}