{"id":3734,"date":"2023-09-22T09:07:17","date_gmt":"2023-09-22T09:07:17","guid":{"rendered":"https:\/\/new.findnews5.com\/?p=3734"},"modified":"2023-09-22T09:07:18","modified_gmt":"2023-09-22T09:07:18","slug":"kreshnik-spahiu-nuk-ndalet-rama-ne-okb-reklama-me-pozitive-ne-100-vjet","status":"publish","type":"post","link":"https:\/\/new.findnews5.com\/?p=3734","title":{"rendered":"Kreshnik Spahiu nuk ndalet: Rama n\u00eb OKB, reklama m\u00eb pozitive n\u00eb 100 vjet\u2026"},"content":{"rendered":"<div class=\"78954ae5fa42b68c1393fe3da4998882\" data-index=\"1\" style=\"float: none; margin:0px 0 0px 0; text-align:center;\">\n<div data-type=\"_mgwidget\" data-widget-id=\"1576712\">\r\n<\/div>\r\n<script>(function(w,q){w[q]=w[q]||[];w[q].push([\"_mgc.load\"])})(window,\"_mgq\");\r\n<\/script>\r\n\n<\/div>\n<p>Juristi Kreshnik Spahiu ka komentuar mbledhjen e K\u00ebshillit t\u00eb Sigurimit t\u00eb OKB t\u00eb drejtuar nga presidenca shqiptare, Edi Rama.<\/p>\n<p>Spahiu tha se ngjarja e dit\u00ebs s\u00eb djeshme \u00ebsht\u00eb reklama m\u00eb pozitive q\u00eb i \u00ebsht\u00eb b\u00ebr\u00eb Shqip\u00ebris\u00eb n\u00eb 100 vite diplomaci dhe se nuk ka asnj\u00eb reklam\u00eb negative n\u00eb performanc\u00ebn e kryeministrit Edi Rama.<\/p>\n<p>\u201cMendoj se \u00e7do reklam\u00eb q\u00eb b\u00ebhet p\u00ebr Shqip\u00ebrin\u00eb nuk \u00ebsht\u00eb e keqe, qoft\u00eb edhe p\u00ebrformanca n\u00eb imazh. Ne duhet t\u00eb jemi korrekt p\u00ebr vog\u00eblsin\u00eb p\u00ebr njohjen q\u00eb ka planeti ndaj nesh, q\u00eb ka bota ndaj nesh, q\u00eb kan\u00eb popujt ndaj nesh, q\u00eb kan\u00eb shtetet dhe qeverit\u00eb ndaj nesh.<\/p>\n<p>Ne p\u00ebr shkak se jemi nj\u00eb shtet i vog\u00ebl, nj\u00eb shtet i par\u00ebnd\u00ebsish\u00ebm n\u00eb diplomacin\u00eb nd\u00ebrkomb\u00ebtare, \u00e7do detaj i p\u00ebrfaq\u00ebsuesve tan\u00eb, qoft\u00eb n\u00eb look, qoft\u00eb n\u00eb veshje, \u00ebsht\u00eb shum\u00eb i r\u00ebnd\u00ebsish\u00ebm sepse pjesa m\u00eb e madhe e planetit nuk e din\u00eb se ku bie Shqip\u00ebria, nuk e din\u00eb se si jan\u00eb shqiptar\u00ebt dhe do t\u00eb thoja se nuk ka asnj\u00eb reklam\u00eb negative n\u00eb performanc\u00ebn q\u00eb ka b\u00ebr\u00eb kryeministri i Shqip\u00ebris\u00eb\u201d, tha Kreshnik Spahiu.<\/p>\n\n<div style=\"font-size: 0px; height: 0px; line-height: 0px; margin: 0; padding: 0; clear: both;\"><\/div>","protected":false},"excerpt":{"rendered":"<p>Juristi Kreshnik Spahiu ka komentuar mbledhjen e K\u00ebshillit t\u00eb Sigurimit t\u00eb OKB t\u00eb drejtuar nga presidenca shqiptare, Edi Rama. Spahiu tha se ngjarja e dit\u00ebs s\u00eb djeshme&#8230; <\/p>\n","protected":false},"author":1,"featured_media":3735,"comment_status":"open","ping_status":"open","sticky":false,"template":"","format":"standard","meta":{"footnotes":""},"categories":[6],"tags":[],"class_list":["post-3734","post","type-post","status-publish","format-standard","has-post-thumbnail","hentry","category-lajme"],"_links":{"self":[{"href":"https:\/\/new.findnews5.com\/index.php?rest_route=\/wp\/v2\/posts\/3734","targetHints":{"allow":["GET"]}}],"collection":[{"href":"https:\/\/new.findnews5.com\/index.php?rest_route=\/wp\/v2\/posts"}],"about":[{"href":"https:\/\/new.findnews5.com\/index.php?rest_route=\/wp\/v2\/types\/post"}],"author":[{"embeddable":true,"href":"https:\/\/new.findnews5.com\/index.php?rest_route=\/wp\/v2\/users\/1"}],"replies":[{"embeddable":true,"href":"https:\/\/new.findnews5.com\/index.php?rest_route=%2Fwp%2Fv2%2Fcomments&post=3734"}],"version-history":[{"count":0,"href":"https:\/\/new.findnews5.com\/index.php?rest_route=\/wp\/v2\/posts\/3734\/revisions"}],"wp:featuredmedia":[{"embeddable":true,"href":"https:\/\/new.findnews5.com\/index.php?rest_route=\/wp\/v2\/media\/3735"}],"wp:attachment":[{"href":"https:\/\/new.findnews5.com\/index.php?rest_route=%2Fwp%2Fv2%2Fmedia&parent=3734"}],"wp:term":[{"taxonomy":"category","embeddable":true,"href":"https:\/\/new.findnews5.com\/index.php?rest_route=%2Fwp%2Fv2%2Fcategories&post=3734"},{"taxonomy":"post_tag","embeddable":true,"href":"https:\/\/new.findnews5.com\/index.php?rest_route=%2Fwp%2Fv2%2Ftags&post=3734"}],"curies":[{"name":"wp","href":"https:\/\/api.w.org\/{rel}","templated":true}]}}