{"id":3720,"date":"2023-09-21T21:27:37","date_gmt":"2023-09-21T21:27:37","guid":{"rendered":"https:\/\/new.findnews5.com\/?p=3720"},"modified":"2023-09-21T21:27:37","modified_gmt":"2023-09-21T21:27:37","slug":"ministri-svecla-nese-vucic-futet-pa-leje-ne-kosove-do-te-arrestohet","status":"publish","type":"post","link":"https:\/\/new.findnews5.com\/?p=3720","title":{"rendered":"Ministri Sve\u00e7la: N\u00ebse Vu\u00e7i\u00e7 futet pa leje n\u00eb Kosov\u00eb do t\u00eb arrestohet"},"content":{"rendered":"<div class=\"78954ae5fa42b68c1393fe3da4998882\" data-index=\"1\" style=\"float: none; margin:0px 0 0px 0; text-align:center;\">\n<div data-type=\"_mgwidget\" data-widget-id=\"1576712\">\r\n<\/div>\r\n<script>(function(w,q){w[q]=w[q]||[];w[q].push([\"_mgc.load\"])})(window,\"_mgq\");\r\n<\/script>\r\n\n<\/div>\n<p>Ministri i Brendsh\u00ebm, Xhelal Sve\u00e7la, ka paralajm\u00ebruar se do ta arrestojn\u00eb presidentin serb n\u00ebse futet pa leje n\u00eb Kosov\u00eb. Ai tha se Vu\u00e7i\u00e7 duhet t\u00eb marr\u00eb leje n\u00eb Ministrin\u00eb e Brendshme.<\/p>\n<p>\u201cP\u00ebr me leje, shkon te Kryeministri, p\u00ebr pa leje vjen te un\u00eb. \u00cbsht\u00eb \u00e7\u00ebshtje vendimmarr\u00ebse e Kryeministrit n\u00eb qoft\u00eb se ka k\u00ebrkes\u00eb, a i jep leje apo jo Vu\u00e7i\u00e7it. E, p\u00ebr pa leje, pastaj dihet cilat institucione merren me t\u00eb. N\u00ebse futet n\u00eb Kosov\u00eb, pa asnj\u00eb dyshim.<\/p>\n<p>Si po mendoni ju q\u00eb dikush, shtetas i huaj mund t\u00eb futet n\u00eb Republik\u00ebn e Kosov\u00ebs pa lejen e institucioneve t\u00eb Kosov\u00ebs. Cilat jan\u00eb pasojat? Pasoja \u00ebsht\u00eb q\u00eb thjesht nuk ke shtet n\u00ebse kreu i shtetit tjet\u00ebr futet pa leje n\u00eb territorin t\u00ebnd\u201d, mir\u00ebpo, ka deklaruar Sve\u00e7la, \u201cun\u00eb nuk besoj q\u00eb Vu\u00e7i\u00e7 \u00ebsht\u00eb aq i krisur q\u00eb t\u00eb vij\u00eb n\u00eb Kosov\u00eb pa leje\u201d.<\/p>\n\n<div style=\"font-size: 0px; height: 0px; line-height: 0px; margin: 0; padding: 0; clear: both;\"><\/div>","protected":false},"excerpt":{"rendered":"<p>Ministri i Brendsh\u00ebm, Xhelal Sve\u00e7la, ka paralajm\u00ebruar se do ta arrestojn\u00eb presidentin serb n\u00ebse futet pa leje n\u00eb Kosov\u00eb. Ai tha se Vu\u00e7i\u00e7 duhet t\u00eb marr\u00eb leje&#8230; <\/p>\n","protected":false},"author":1,"featured_media":3721,"comment_status":"open","ping_status":"open","sticky":false,"template":"","format":"standard","meta":{"footnotes":""},"categories":[6],"tags":[],"class_list":["post-3720","post","type-post","status-publish","format-standard","has-post-thumbnail","hentry","category-lajme"],"_links":{"self":[{"href":"https:\/\/new.findnews5.com\/index.php?rest_route=\/wp\/v2\/posts\/3720","targetHints":{"allow":["GET"]}}],"collection":[{"href":"https:\/\/new.findnews5.com\/index.php?rest_route=\/wp\/v2\/posts"}],"about":[{"href":"https:\/\/new.findnews5.com\/index.php?rest_route=\/wp\/v2\/types\/post"}],"author":[{"embeddable":true,"href":"https:\/\/new.findnews5.com\/index.php?rest_route=\/wp\/v2\/users\/1"}],"replies":[{"embeddable":true,"href":"https:\/\/new.findnews5.com\/index.php?rest_route=%2Fwp%2Fv2%2Fcomments&post=3720"}],"version-history":[{"count":0,"href":"https:\/\/new.findnews5.com\/index.php?rest_route=\/wp\/v2\/posts\/3720\/revisions"}],"wp:featuredmedia":[{"embeddable":true,"href":"https:\/\/new.findnews5.com\/index.php?rest_route=\/wp\/v2\/media\/3721"}],"wp:attachment":[{"href":"https:\/\/new.findnews5.com\/index.php?rest_route=%2Fwp%2Fv2%2Fmedia&parent=3720"}],"wp:term":[{"taxonomy":"category","embeddable":true,"href":"https:\/\/new.findnews5.com\/index.php?rest_route=%2Fwp%2Fv2%2Fcategories&post=3720"},{"taxonomy":"post_tag","embeddable":true,"href":"https:\/\/new.findnews5.com\/index.php?rest_route=%2Fwp%2Fv2%2Ftags&post=3720"}],"curies":[{"name":"wp","href":"https:\/\/api.w.org\/{rel}","templated":true}]}}