{"id":3716,"date":"2023-09-21T17:47:16","date_gmt":"2023-09-21T17:47:16","guid":{"rendered":"https:\/\/new.findnews5.com\/?p=3716"},"modified":"2023-09-21T17:47:17","modified_gmt":"2023-09-21T17:47:17","slug":"perfaqesuesit-te-rusise-i-pengon-bujar-osmani-edi-rama-cili-eshte-problemi-ai-eshte-shqiptar-nga-maqedona-e-veriut","status":"publish","type":"post","link":"https:\/\/new.findnews5.com\/?p=3716","title":{"rendered":"P\u00ebrfaq\u00ebsuesit t\u00eb Rusis\u00eb i pengon Bujar Osmani, Edi Rama: Cili \u00ebsht\u00eb problemi, ai \u00ebsht\u00eb shqiptar nga Maqedona e Veriut"},"content":{"rendered":"<div class=\"78954ae5fa42b68c1393fe3da4998882\" data-index=\"1\" style=\"float: none; margin:0px 0 0px 0; text-align:center;\">\n<div data-type=\"_mgwidget\" data-widget-id=\"1576712\">\r\n<\/div>\r\n<script>(function(w,q){w[q]=w[q]||[];w[q].push([\"_mgc.load\"])})(window,\"_mgq\");\r\n<\/script>\r\n\n<\/div>\n<p>P\u00ebrve\u00e7 q\u00eb Zelenskyt t\u2019i jepet fjala para an\u00ebtar\u00ebve t\u00eb K\u00ebshillit t\u00eb Sigurimit, p\u00ebrfaq\u00ebsuesit t\u00eb Rusis\u00eb n\u00eb Kombet e Bashkuara i ka penguar edhe fakti q\u00eb ministrit t\u00eb Jasht\u00ebm t\u00eb Maqedonis\u00eb s\u00eb Veriut do t\u2019i jepet fjala n\u00eb mbledhjen e kryesuar nga Shqip\u00ebria.<\/p>\n<p>Rama ka th\u00ebn\u00eb se nuk e kupton se cili \u00ebsht\u00eb problemi me Bujar Osmanin q\u00eb si P\u00ebrfaq\u00ebsues i OSBE-s\u00eb t\u00eb flas\u00eb n\u00eb k\u00ebt\u00eb takim, duke th\u00ebn\u00eb se pjes\u00ebmarrja e tij \u00ebsht\u00eb vler\u00ebsuar si bazike.<\/p>\n<p>Tutje Rama n\u00eb cil\u00ebsin\u00eb e drejtuesit t\u00eb mbledhjes s\u00eb K\u00ebshillit t\u00eb Sigurimit, ka th\u00ebn\u00eb se Bujar Osmani \u00ebsht\u00eb shqiptar nga Maqedonia e Veriut, nd\u00ebrkoh\u00eb i ka th\u00ebn\u00eb p\u00ebrfaq\u00ebsuesit t\u00eb Rusis\u00eb, t\u00eb jet\u00eb me eksplicit se cili \u00ebsht\u00eb problemi, p\u00ebr t\u00eb qen\u00eb n\u00eb gjendje t\u2019i ndihmoj\u00eb.<\/p>\n<p>\u201cKam v\u00ebshtir\u00ebsi p\u00ebr t\u00eb kuptuar se cili \u00ebsht\u00eb problemi, sepse OSBE ka nj\u00eb rol t\u00eb r\u00ebnd\u00ebsish\u00ebm dhe ai \u00ebsht\u00eb k\u00ebtu p\u00ebr shkak t\u00eb kontributit n\u00eb k\u00ebt\u00eb takim, duke u konisderuar si bazik. Po ai \u00ebsht\u00eb nj\u00eb shqiptar nga Maqedonia e Veriut, por n\u00ebse jeni m\u00eb eksplicit se cili \u00ebsht\u00eb problemi, jam i gatsh\u00ebm t\u2019iu ndihmoj\u00eb\u201d, ka th\u00ebn\u00eb Edi Rama.<\/p>\n\n<div style=\"font-size: 0px; height: 0px; line-height: 0px; margin: 0; padding: 0; clear: both;\"><\/div>","protected":false},"excerpt":{"rendered":"<p>P\u00ebrve\u00e7 q\u00eb Zelenskyt t\u2019i jepet fjala para an\u00ebtar\u00ebve t\u00eb K\u00ebshillit t\u00eb Sigurimit, p\u00ebrfaq\u00ebsuesit t\u00eb Rusis\u00eb n\u00eb Kombet e Bashkuara i ka penguar edhe fakti q\u00eb ministrit t\u00eb&#8230; <\/p>\n","protected":false},"author":1,"featured_media":3717,"comment_status":"open","ping_status":"open","sticky":false,"template":"","format":"standard","meta":{"footnotes":""},"categories":[6],"tags":[],"class_list":["post-3716","post","type-post","status-publish","format-standard","has-post-thumbnail","hentry","category-lajme"],"_links":{"self":[{"href":"https:\/\/new.findnews5.com\/index.php?rest_route=\/wp\/v2\/posts\/3716","targetHints":{"allow":["GET"]}}],"collection":[{"href":"https:\/\/new.findnews5.com\/index.php?rest_route=\/wp\/v2\/posts"}],"about":[{"href":"https:\/\/new.findnews5.com\/index.php?rest_route=\/wp\/v2\/types\/post"}],"author":[{"embeddable":true,"href":"https:\/\/new.findnews5.com\/index.php?rest_route=\/wp\/v2\/users\/1"}],"replies":[{"embeddable":true,"href":"https:\/\/new.findnews5.com\/index.php?rest_route=%2Fwp%2Fv2%2Fcomments&post=3716"}],"version-history":[{"count":0,"href":"https:\/\/new.findnews5.com\/index.php?rest_route=\/wp\/v2\/posts\/3716\/revisions"}],"wp:featuredmedia":[{"embeddable":true,"href":"https:\/\/new.findnews5.com\/index.php?rest_route=\/wp\/v2\/media\/3717"}],"wp:attachment":[{"href":"https:\/\/new.findnews5.com\/index.php?rest_route=%2Fwp%2Fv2%2Fmedia&parent=3716"}],"wp:term":[{"taxonomy":"category","embeddable":true,"href":"https:\/\/new.findnews5.com\/index.php?rest_route=%2Fwp%2Fv2%2Fcategories&post=3716"},{"taxonomy":"post_tag","embeddable":true,"href":"https:\/\/new.findnews5.com\/index.php?rest_route=%2Fwp%2Fv2%2Ftags&post=3716"}],"curies":[{"name":"wp","href":"https:\/\/api.w.org\/{rel}","templated":true}]}}