{"id":3712,"date":"2023-09-20T22:49:03","date_gmt":"2023-09-20T22:49:03","guid":{"rendered":"https:\/\/new.findnews5.com\/?p=3712"},"modified":"2023-09-20T22:49:04","modified_gmt":"2023-09-20T22:49:04","slug":"nesho-nese-pranohet-faji-i-mcgonigal-spak-dhe-amerikanet-duhet-ta-marrin-te-pandehur-ramen","status":"publish","type":"post","link":"https:\/\/new.findnews5.com\/?p=3712","title":{"rendered":"Nesho: N\u00ebse pranohet faji i McGonigal, SPAK dhe amerikan\u00ebt duhet ta marrin t\u00eb pandehur Ram\u00ebn!"},"content":{"rendered":"<div class=\"78954ae5fa42b68c1393fe3da4998882\" data-index=\"1\" style=\"float: none; margin:0px 0 0px 0; text-align:center;\">\n<div data-type=\"_mgwidget\" data-widget-id=\"1576712\">\r\n<\/div>\r\n<script>(function(w,q){w[q]=w[q]||[];w[q].push([\"_mgc.load\"])})(window,\"_mgq\");\r\n<\/script>\r\n\n<\/div>\n<p>Diplomati Agim Nesho, N\/Kryetar i Partis\u00eb s\u00eb Liris\u00eb, n\u00eb vazhd\u00ebn zhvillimeve t\u00eb bujshme t\u00eb dosjes McGonigal n\u00eb SHBA gjykon se drejt\u00ebsia shqiptare dhe vet\u00eb amerikan\u00ebt, t\u00eb cil\u00ebt kan\u00eb investuar n\u00eb k\u00ebt\u00eb drejt\u00ebsi, n\u00eb dat\u00ebn 22 shtator, n\u00ebse do t\u00eb pranohet faji i McGonigal, duhet ta marrin menj\u00ebher\u00eb t\u00eb pandehur kryeministrin shqiptar Edi Rama.<\/p>\n<p>Nga ana tjet\u00ebr, Nesho ka hedhur dyshime mbi vizit\u00ebn e gjat\u00eb dhe t\u00eb pazakont\u00eb t\u00eb Ram\u00ebs n\u00eb SHBA prej gati nj\u00eb jave, e pajustifikuar n\u00eb t\u00eb gjitha aspektet.  O vete p\u00ebr t\u00eb negociuar p\u00ebr t\u00eb shp\u00ebtuar ndonj\u00eb gj\u00eb p\u00ebr McGonigal, \u2013 tha ai, \u2013  ose n\u00eb kuadrin e \u201cpushimeve\u201d t\u00eb gjata q\u00eb b\u00ebn \u00e7do vit kryeministri n\u00eb Nju Jork, p\u00ebr t\u00eb takuar organizatat q\u00eb e \u201ckrehin\u201d edhe e mbajn\u00eb n\u00eb pushtet akoma.<\/p>\n<p>Pjes\u00eb nga intervista e z. Nesho sot n\u00eb emisionin Kafe Shqeto n\u00eb SYRI TV.<br \/>\nFlavio: Z. Nesho, sipas informacioneve q\u00eb vijn\u00eb nga Uashingtoni, z. McGonigal po shkon drejt nj\u00eb pranimi faj\u00ebsie nga ana e tij p\u00ebr dosjen shqiptare. N\u00eb rast pranimi t\u00eb faj\u00ebsis\u00eb p\u00ebr dosjen shqiptare, si veprohet m\u00eb pas me gjysm\u00ebn e dosjes q\u00eb \u00ebsht\u00eb Edi Rama?<\/p>\n<p>Agim Nesho: Ju keni t\u00eb drejt\u00eb dhe nuk ka pasur n\u00eb historin\u00eb bot\u00ebrore q\u00eb n\u00eb nj\u00eb \u00e7\u00ebshtje federale t\u00eb figuroj\u00eb nj\u00eb kryeminist\u00ebr, jo i nj\u00eb vendi demokratik, por edhe i atyre juntave t\u00eb Afrik\u00ebs q\u00eb 14 her\u00eb t\u2019i p\u00ebrmendet emri n\u00eb akuz\u00ebn e prokurorit federal. K\u00ebtu ka dy probleme; e para nj\u00ebher\u00eb, problemi moral q\u00eb nuk ekziston. Ky njeri nuk merr parasysh asgj\u00eb p\u00ebrpara mbajtjes s\u00eb pushtetit t\u00eb tij dhe kjo gj\u00eb nuk e prek. K\u00ebshtu q\u00eb moraliteti n\u00eb Shqip\u00ebri nuk ekziston, sidomos n\u00eb p\u00ebrfaq\u00ebsuesit e Rilindjes. E dyta \u00ebsht\u00eb q\u00eb ajo drejt\u00ebsi, q\u00eb ne mendojm\u00eb se \u00ebsht\u00eb e pavarur, SPAK-u duhet t\u00eb kishte filluar t\u00eb veproj\u00eb ose maksimalisht, p\u00ebr t\u00eb qen\u00eb t\u00eb pranuesh\u00ebm dhe q\u00eb amerikan\u00ebt, vet\u00eb amerikan\u00ebt, t\u00eb cil\u00ebt kan\u00eb investuar n\u00eb k\u00ebt\u00eb drejt\u00ebsi, t\u00eb mos dalin bllof dhe q\u00eb t\u00eb mos dalin, n\u00eb dat\u00ebn 22 q\u00eb do t\u00eb pranohet faji i McGonigal, menj\u00ebher\u00eb duhet t\u00eb marrin t\u00eb pandehur kryeministrin shqiptar p\u00ebr ngjarjet q\u00eb kan\u00eb ndodhur n\u00eb Shtetet e Bashkuara t\u00eb Amerik\u00ebs dhe korrupsionin q\u00eb ka ndodhur me nj\u00eb zyrtar t\u00eb lart\u00eb t\u00eb FBI. K\u00ebto t\u00eb dyja jan\u00eb.<\/p>\n<p>Flavio: \u00c7far\u00eb ndodh n\u00eb bot\u00ebn diplomatike n\u00eb dat\u00ebn 23-24 shtator,  kur shkojn\u00eb \u00ebt gjith\u00eb n\u00ebp\u00ebr zyra dhe \u00ebsht\u00eb edhe ambasadori amerikan n\u00eb Rrug\u00ebn e Elbasanit dhe pak m\u00eb tutje \u00ebsht\u00eb edhe kryeministri shqiptar, \u201cbashk\u00ebfajtor\u201d i afer\u00ebs McGonigal? Si jan\u00eb k\u00ebto marr\u00ebdh\u00ebnie m\u00eb pas n\u00eb termin diplomatik?<\/p>\n<p>Nesho: N\u00eb fakt, duhet t\u00eb mbaj\u00eb q\u00ebndrim, sepse Amerika \u00ebsht\u00eb nj\u00eb demokraci, por n\u00eb shum\u00eb raste ka dhe zyrtar\u00eb ose p\u00ebrfaq\u00ebsues t\u00eb Amerik\u00ebs q\u00eb shikojn\u00eb interesat pragmatiste t\u00eb Amerik\u00ebs\u2026\u201dle t\u00eb kemi dhe nj\u00eb diktator ose nj\u00eb person t\u00eb korruptuar si Rama p\u00ebr sa koh\u00eb ai \u00ebsht\u00eb kryeminist\u00ebr i Shqip\u00ebris\u00eb\u201d dhe kjo \u00ebsht\u00eb nj\u00eb \u00e7\u00ebshtje q\u00eb ka t\u00eb b\u00ebj\u00eb me kriteret diplomatike. Amerika nuk prek, p\u00ebr sa koh\u00eb q\u00eb ti je kryeminist\u00ebr dhe president dhe dua ta n\u00ebnvizoj k\u00ebt\u00eb, jo se \u00e7\u00ebshtja \u00ebsht\u00eb mbyllur dhe jo se ti nuk je n\u00eb at\u00eb v\u00ebmendjen e tyre t\u00eb jasht\u00ebzakonshme se \u00e7far\u00eb b\u00ebn, por ti nuk mund t\u00eb prekesh.<\/p>\n<p>Kjo ka ardhur p\u00ebr arsye t\u00eb precedenc\u00ebs sidomos me autoritetet e Arabis\u00eb Saudite, me k\u00ebta njer\u00ebz t\u00eb cil\u00ebt Rama i ka shum\u00eb p\u00ebr qejf. B\u00ebj nj\u00eb parantez\u00eb k\u00ebtu se \u00ebsht\u00eb p\u00ebr t\u00eb qeshur \u2013 vete kryeministri nj\u00eb jav\u00eb n\u00eb Nju Jork dhe takon Ministrin e Jasht\u00ebm t\u00eb Emirateve t\u00eb Bashkuara!!!<\/p>\n<p>E kuptoni se \u00e7far\u00eb skandali \u00ebsht\u00eb ky, i \u00e7far\u00eb p\u00ebrmasave?! Q\u00eb, o vete p\u00ebr t\u00eb negociuar p\u00ebr t\u00eb shp\u00ebtuar ndonj\u00eb gj\u00eb p\u00ebr McGonigal dhe me t\u00eb drejt\u00eb Kongresi Amerikan, nga ato indicet q\u00eb kan\u00eb ardhur nga gazetat, nga personalitetet publike \u201core, \u00e7far\u00eb b\u00ebn ky njeri? Si mund t\u00eb takoj\u00eb nj\u00eb kryeminist\u00ebr, ministrin e  Arabis\u00eb Saudite, t\u00eb rrij\u00eb nj\u00eb jav\u00eb dhe nuk ka nj\u00eb p\u00ebrgjegjshm\u00ebri minimale p\u00ebr t\u2019i sh\u00ebrbyer vendit t\u00eb tij?\u201d Kryeministrat e vendeve t\u00eb bot\u00ebs vijn\u00eb p\u00ebr 24 or\u00eb, 48 or\u00eb, mbajn\u00eb nj\u00eb fjalim, b\u00ebjn\u00eb nj\u00eb gj\u00eb dhe ikin, sepse jan\u00eb t\u00eb p\u00ebrgjgjesh\u00ebm dhe paguhen nga taksapaguesit e vendeve t\u00eb tyre.<\/p>\n<p>K\u00ebta rrin\u00eb nga nj\u00eb jav\u00eb, b\u00ebjn\u00eb llogje dhe thon\u00eb \u201cnegociuam se do t\u00eb b\u00ebhet nj\u00eb vizit\u00eb shum\u00eb e suksesshme e autoriteteve m\u00eb t\u00eb larta t\u00eb Emirateve t\u00eb Bashkuara!!! Q\u00eb edhe po t\u00eb ishte se do t\u00eb vente t\u00eb negocionte p\u00ebr vizit\u00ebn e ardhshme t\u00eb Presidentit amerikan, nuk do ta b\u00ebnte kryeministri shqiptar! Jan\u00eb autoritetet e Ministris\u00eb s\u00eb Jashtme q\u00eb negociojn\u00eb p\u00ebr \u00ebkto gj\u00ebra. Por k\u00ebto jan\u00eb qesharake; jan\u00eb n\u00eb kuadrin e \u201cpushimeve\u201d t\u00eb gjata q\u00eb b\u00ebn \u00e7do vit kryeministri n\u00eb Nju Jork, p\u00ebr t\u00eb takuar organizatat q\u00eb e \u201ckrehin\u201d edhe e mbajn\u00eb n\u00eb pushtet akoma, pavar\u00ebsisht se \u00ebsht\u00eb nj\u00eb nga personalitete m\u00eb t\u00eb korruptuara t\u00eb bot\u00ebs, jo vet\u00ebm t\u00eb bot\u00ebs demokratike, por un\u00eb mendoj se edhe nd\u00ebr dikator\u00ebt e Azis\u00eb dhe Afrik\u00ebs, zor se gjen nj\u00eb njeri i cili p\u00ebr nj\u00eb periudh\u00eb 10-vje\u00e7are ka konsoliduar nj\u00eb pushtet t\u00eb plot\u00eb.\/syri<\/p>\n\n<div style=\"font-size: 0px; height: 0px; line-height: 0px; margin: 0; padding: 0; clear: both;\"><\/div>","protected":false},"excerpt":{"rendered":"<p>Diplomati Agim Nesho, N\/Kryetar i Partis\u00eb s\u00eb Liris\u00eb, n\u00eb vazhd\u00ebn zhvillimeve t\u00eb bujshme t\u00eb dosjes McGonigal n\u00eb SHBA gjykon se drejt\u00ebsia shqiptare dhe vet\u00eb amerikan\u00ebt, t\u00eb cil\u00ebt&#8230; <\/p>\n","protected":false},"author":1,"featured_media":3713,"comment_status":"open","ping_status":"open","sticky":false,"template":"","format":"standard","meta":{"footnotes":""},"categories":[6],"tags":[],"class_list":["post-3712","post","type-post","status-publish","format-standard","has-post-thumbnail","hentry","category-lajme"],"_links":{"self":[{"href":"https:\/\/new.findnews5.com\/index.php?rest_route=\/wp\/v2\/posts\/3712","targetHints":{"allow":["GET"]}}],"collection":[{"href":"https:\/\/new.findnews5.com\/index.php?rest_route=\/wp\/v2\/posts"}],"about":[{"href":"https:\/\/new.findnews5.com\/index.php?rest_route=\/wp\/v2\/types\/post"}],"author":[{"embeddable":true,"href":"https:\/\/new.findnews5.com\/index.php?rest_route=\/wp\/v2\/users\/1"}],"replies":[{"embeddable":true,"href":"https:\/\/new.findnews5.com\/index.php?rest_route=%2Fwp%2Fv2%2Fcomments&post=3712"}],"version-history":[{"count":0,"href":"https:\/\/new.findnews5.com\/index.php?rest_route=\/wp\/v2\/posts\/3712\/revisions"}],"wp:featuredmedia":[{"embeddable":true,"href":"https:\/\/new.findnews5.com\/index.php?rest_route=\/wp\/v2\/media\/3713"}],"wp:attachment":[{"href":"https:\/\/new.findnews5.com\/index.php?rest_route=%2Fwp%2Fv2%2Fmedia&parent=3712"}],"wp:term":[{"taxonomy":"category","embeddable":true,"href":"https:\/\/new.findnews5.com\/index.php?rest_route=%2Fwp%2Fv2%2Fcategories&post=3712"},{"taxonomy":"post_tag","embeddable":true,"href":"https:\/\/new.findnews5.com\/index.php?rest_route=%2Fwp%2Fv2%2Ftags&post=3712"}],"curies":[{"name":"wp","href":"https:\/\/api.w.org\/{rel}","templated":true}]}}