{"id":3709,"date":"2023-09-20T22:46:10","date_gmt":"2023-09-20T22:46:10","guid":{"rendered":"https:\/\/new.findnews5.com\/?p=3709"},"modified":"2023-09-20T22:46:11","modified_gmt":"2023-09-20T22:46:11","slug":"edith-harxhi-ceshtja-mcgonigal-rama-jane-8-mije-faqe-pergjime-prokuroria-te-hape-hetimet","status":"publish","type":"post","link":"https:\/\/new.findnews5.com\/?p=3709","title":{"rendered":"Edith Harxhi: \u00c7\u00ebshtja McGonigal-Rama, jan\u00eb 8 mij\u00eb faqe p\u00ebrgjime. Prokuroria t\u00eb hap\u00eb hetimet !"},"content":{"rendered":"<div class=\"78954ae5fa42b68c1393fe3da4998882\" data-index=\"1\" style=\"float: none; margin:0px 0 0px 0; text-align:center;\">\n<div data-type=\"_mgwidget\" data-widget-id=\"1576712\">\r\n<\/div>\r\n<script>(function(w,q){w[q]=w[q]||[];w[q].push([\"_mgc.load\"])})(window,\"_mgq\");\r\n<\/script>\r\n\n<\/div>\n<p>Gjat\u00eb intervist\u00ebs s\u00eb saj, n\u00eb SYRI TV Edith Harxhi   ka folur n\u00eb lidhje me zhvillimet e reja t\u00eb dosjes McGonigal-Rama.<\/p>\n<p>Harxhi deklaroi se, n\u00eb datat 22-23 shtator do t\u00eb vendoset p\u00ebr fatin e dosjes s\u00eb Uashingtonit, ku n\u00eb hetime ka dal\u00eb edhe Edi Rama. Diplomatja theksoi se jan\u00eb 8 mij\u00eb faqe p\u00ebrgjime t\u00eb realizuara nga FBI, ku mes tyre \u00ebshte edhe Rama.<\/p>\n<p>\u2018N\u00eb datat 22-23 shtator do t\u00eb jen\u00eb dit\u00ebt q\u00eb do t\u00eb vendosin p\u00ebr fatin e gjyqit t\u00eb Uashingtonit, q\u00eb \u00ebshte edhe \u00e7\u00ebshtja McGonigal me dosjen e Shqip\u00ebris\u00eb. Tashm\u00eb kan\u00eb dal\u00eb informacione edhe p\u00ebr k\u00ebt\u00eb dosje, jan\u00eb 8 mij\u00eb faqe p\u00ebrgjime q\u00eb ka FBI, Departamenti i Drejt\u00ebsis\u00eb n\u00eb p\u00ebrgjith\u00ebsi n\u00eb SHBA dhe mes tyre n\u00eb p\u00ebrgjime jan\u00eb edhe tre shtetasit shqiptar\u00eb, dhe mes tyre \u00ebsht\u00eb edhe m\u00eb pikanti prej tyre, kryeministri i vendit, Edi Rama.<\/p>\n<p>Hetimet vazhdojn\u00eb dhe n\u00ebse nes\u00ebr avokat\u00ebt e McGonigal do t\u00eb pranojn\u00eb nj\u00eb gjykim t\u00eb shkurtuar n\u00eb t\u00eb cilin do t\u00eb thot\u00eb se McGonigal do t\u00eb pranoj\u00eb fajin dhe do tregoj\u00eb gjith\u00e7ka ka ndodhur, q\u00eb un\u00eb nuk mendoj se \u00ebsht\u00eb \u00e7\u00ebshtje e 225 mij\u00eb dollar\u00ebve, por jan\u00eb shuma m\u00eb t\u00eb m\u00ebdha.<\/p>\n<p>Jan\u00eb licencat e m\u00ebdha t\u00eb naft\u00ebs n\u00eb Shqip\u00ebri, etj., p\u00ebr llogari t\u00eb McGonigal dhe oligark\u00ebve rus\u00eb, si\u00e7 \u00ebsht\u00eb Deripaska, i cili ka qen\u00eb n\u00eb list\u00ebn e Open Data n\u00eb Shqip\u00ebri, deri von\u00eb, edhe si investitor strategjik madje, pavar\u00ebsisht sanksioneve t\u00eb SHBA.<\/p>\n<p>N\u00ebse do t\u00eb pranoj\u00eb nga gjykat\u00ebsja, k\u00ebrkesa p\u00ebr pranimin e fajit nga ana e McGonigal dhe avokat\u00ebve t\u00eb tij, at\u00ebher\u00eb drejt\u00ebsia shqiptare duhet t\u00eb veproj\u00eb menj\u00ebher\u00eb, pasi nj\u00eb njeri q\u00eb \u00ebsht\u00eb n\u00eb hetim n\u00eb SHBA, apo dhe thjesht\u00eb n\u00eb p\u00ebrgjim t\u00eb jet\u00eb kryeministri i Shqip\u00ebris\u00eb, menj\u00ebher\u00eb duhet t\u00eb hap\u00eb nj\u00eb \u00e7\u00ebshtje dhe t\u00eb marr\u00eb t\u00eb pandehur Edi Ram\u00ebn\u2019, tha Edith Harxhi n\u00eb SYRI TV.<\/p>\n\n<div style=\"font-size: 0px; height: 0px; line-height: 0px; margin: 0; padding: 0; clear: both;\"><\/div>","protected":false},"excerpt":{"rendered":"<p>Gjat\u00eb intervist\u00ebs s\u00eb saj, n\u00eb SYRI TV Edith Harxhi ka folur n\u00eb lidhje me zhvillimet e reja t\u00eb dosjes McGonigal-Rama. Harxhi deklaroi se, n\u00eb datat 22-23 shtator&#8230; <\/p>\n","protected":false},"author":1,"featured_media":3710,"comment_status":"open","ping_status":"open","sticky":false,"template":"","format":"standard","meta":{"footnotes":""},"categories":[6],"tags":[],"class_list":["post-3709","post","type-post","status-publish","format-standard","has-post-thumbnail","hentry","category-lajme"],"_links":{"self":[{"href":"https:\/\/new.findnews5.com\/index.php?rest_route=\/wp\/v2\/posts\/3709","targetHints":{"allow":["GET"]}}],"collection":[{"href":"https:\/\/new.findnews5.com\/index.php?rest_route=\/wp\/v2\/posts"}],"about":[{"href":"https:\/\/new.findnews5.com\/index.php?rest_route=\/wp\/v2\/types\/post"}],"author":[{"embeddable":true,"href":"https:\/\/new.findnews5.com\/index.php?rest_route=\/wp\/v2\/users\/1"}],"replies":[{"embeddable":true,"href":"https:\/\/new.findnews5.com\/index.php?rest_route=%2Fwp%2Fv2%2Fcomments&post=3709"}],"version-history":[{"count":0,"href":"https:\/\/new.findnews5.com\/index.php?rest_route=\/wp\/v2\/posts\/3709\/revisions"}],"wp:featuredmedia":[{"embeddable":true,"href":"https:\/\/new.findnews5.com\/index.php?rest_route=\/wp\/v2\/media\/3710"}],"wp:attachment":[{"href":"https:\/\/new.findnews5.com\/index.php?rest_route=%2Fwp%2Fv2%2Fmedia&parent=3709"}],"wp:term":[{"taxonomy":"category","embeddable":true,"href":"https:\/\/new.findnews5.com\/index.php?rest_route=%2Fwp%2Fv2%2Fcategories&post=3709"},{"taxonomy":"post_tag","embeddable":true,"href":"https:\/\/new.findnews5.com\/index.php?rest_route=%2Fwp%2Fv2%2Ftags&post=3709"}],"curies":[{"name":"wp","href":"https:\/\/api.w.org\/{rel}","templated":true}]}}