{"id":3700,"date":"2023-09-20T22:36:14","date_gmt":"2023-09-20T22:36:14","guid":{"rendered":"https:\/\/new.findnews5.com\/?p=3700"},"modified":"2023-09-20T22:36:15","modified_gmt":"2023-09-20T22:36:15","slug":"regjistrimi-i-popullsise-panajot-barka-nuk-eshte-faji-jone-qe-shqiptaret-blihen-video","status":"publish","type":"post","link":"https:\/\/new.findnews5.com\/?p=3700","title":{"rendered":"Regjistrimi i popullsis\u00eb, Panajot Barka: Nuk \u00ebsht\u00eb faji jon\u00eb q\u00eb shqiptar\u00ebt blihen (VIDEO)"},"content":{"rendered":"<div class=\"78954ae5fa42b68c1393fe3da4998882\" data-index=\"1\" style=\"float: none; margin:0px 0 0px 0; text-align:center;\">\n<div data-type=\"_mgwidget\" data-widget-id=\"1576712\">\r\n<\/div>\r\n<script>(function(w,q){w[q]=w[q]||[];w[q].push([\"_mgc.load\"])})(window,\"_mgq\");\r\n<\/script>\r\n\n<\/div>\n<p>Gjat\u00eb nj\u00eb debati televiziv n\u00eb Top Channel p\u00ebr regjistrimin e popullsis\u00eb dhe rrezikun q\u00eb n\u00eb disa zona t\u00eb deklarohen me komb\u00ebsi greke p\u00ebr shkak t\u00eb presionit apo p\u00ebrfitimeve..<\/p>\n<p>Panajot Barka ka th\u00ebn\u00eb nd\u00ebr t\u00eb tjera se \u201cnuk \u00ebsht\u00eb faji yn\u00eb q\u00eb shqiptar\u00ebt blihen\u201d duke replikuar me Ardit Bidon dhe duke l\u00ebn\u00eb t\u00eb kuptohet se gjat\u00eb censusit blihen njer\u00ebz p\u00ebr t\u00eb deklaruar nj\u00eb komb\u00ebsi ndryshe nga ajo q\u00eb kan\u00eb.<\/p>\n<p>Shihni videon m\u00eb posht\u00eb.<\/p>\n<p><iframe loading=\"lazy\" width=\"560\" height=\"315\" src=\"https:\/\/www.youtube.com\/embed\/SC1PpWXpJQY?si=LL3EJ8PCxzx7Vofm\" title=\"YouTube video player\" frameborder=\"0\" allow=\"accelerometer; autoplay; clipboard-write; encrypted-media; gyroscope; picture-in-picture; web-share\" allowfullscreen><\/iframe><\/p>\n\n<div style=\"font-size: 0px; height: 0px; line-height: 0px; margin: 0; padding: 0; clear: both;\"><\/div>","protected":false},"excerpt":{"rendered":"<p>Gjat\u00eb nj\u00eb debati televiziv n\u00eb Top Channel p\u00ebr regjistrimin e popullsis\u00eb dhe rrezikun q\u00eb n\u00eb disa zona t\u00eb deklarohen me komb\u00ebsi greke p\u00ebr shkak t\u00eb presionit apo&#8230; <\/p>\n","protected":false},"author":1,"featured_media":3701,"comment_status":"open","ping_status":"open","sticky":false,"template":"","format":"standard","meta":{"footnotes":""},"categories":[6],"tags":[],"class_list":["post-3700","post","type-post","status-publish","format-standard","has-post-thumbnail","hentry","category-lajme"],"_links":{"self":[{"href":"https:\/\/new.findnews5.com\/index.php?rest_route=\/wp\/v2\/posts\/3700","targetHints":{"allow":["GET"]}}],"collection":[{"href":"https:\/\/new.findnews5.com\/index.php?rest_route=\/wp\/v2\/posts"}],"about":[{"href":"https:\/\/new.findnews5.com\/index.php?rest_route=\/wp\/v2\/types\/post"}],"author":[{"embeddable":true,"href":"https:\/\/new.findnews5.com\/index.php?rest_route=\/wp\/v2\/users\/1"}],"replies":[{"embeddable":true,"href":"https:\/\/new.findnews5.com\/index.php?rest_route=%2Fwp%2Fv2%2Fcomments&post=3700"}],"version-history":[{"count":0,"href":"https:\/\/new.findnews5.com\/index.php?rest_route=\/wp\/v2\/posts\/3700\/revisions"}],"wp:featuredmedia":[{"embeddable":true,"href":"https:\/\/new.findnews5.com\/index.php?rest_route=\/wp\/v2\/media\/3701"}],"wp:attachment":[{"href":"https:\/\/new.findnews5.com\/index.php?rest_route=%2Fwp%2Fv2%2Fmedia&parent=3700"}],"wp:term":[{"taxonomy":"category","embeddable":true,"href":"https:\/\/new.findnews5.com\/index.php?rest_route=%2Fwp%2Fv2%2Fcategories&post=3700"},{"taxonomy":"post_tag","embeddable":true,"href":"https:\/\/new.findnews5.com\/index.php?rest_route=%2Fwp%2Fv2%2Ftags&post=3700"}],"curies":[{"name":"wp","href":"https:\/\/api.w.org\/{rel}","templated":true}]}}