{"id":3686,"date":"2023-09-20T21:28:30","date_gmt":"2023-09-20T21:28:30","guid":{"rendered":"https:\/\/new.findnews5.com\/?p=3686"},"modified":"2023-09-20T21:28:31","modified_gmt":"2023-09-20T21:28:31","slug":"tragjedia-ne-malisheve-ky-eshte-i-riu-qe-dyshohet-se-u-vra-nga-shoku-i-tij","status":"publish","type":"post","link":"https:\/\/new.findnews5.com\/?p=3686","title":{"rendered":"Tragjedia n\u00eb Malishev\u00eb, ky \u00ebsht\u00eb i riu q\u00eb dyshohet se u vra nga shoku i tij"},"content":{"rendered":"<div class=\"78954ae5fa42b68c1393fe3da4998882\" data-index=\"1\" style=\"float: none; margin:0px 0 0px 0; text-align:center;\">\n<div data-type=\"_mgwidget\" data-widget-id=\"1576712\">\r\n<\/div>\r\n<script>(function(w,q){w[q]=w[q]||[];w[q].push([\"_mgc.load\"])})(window,\"_mgq\");\r\n<\/script>\r\n\n<\/div>\n<p>Tragjedia n\u00eb Malishev\u00eb, ky \u00ebsht\u00eb i riu q\u00eb dyshohet se u vra nga shoku i tij<\/p>\n<p>Nj\u00eb ngjarje e r\u00ebnd\u00eb tronditi m\u00ebngjesin e sot\u00ebm Malishev\u00ebn dhe gjith\u00eb vendin. Isuf Zogaj dyshohet se privoi nga jeta shokun e tij, duke e q\u00eblluar me arm\u00eb zjarri. Vdekjen e viktim\u00ebs e ka konstatuar ekipi mjek\u00ebsor q\u00eb doli n\u00eb vendin e ngjarjes, ku i riu u gjet pa shenja jete, raporton Gazeta Sinjali.<\/p>\n<p>Sinjali m\u00ebson se viktima \u00ebsht\u00eb Avni Basha.<\/p>\n<p>Sipas sinjalizuesve t\u00eb Gazet\u00ebs Sinjali, ngjarja ka ndodhur pas nj\u00eb mosmarr\u00ebveshje q\u00eb lidhet me motive banale mes Zogajt dhe Bash\u00ebs.<\/p>\n<p>Rastin e ka konfirmuar edhe z\u00ebdh\u00ebn\u00ebsi i Policis\u00eb s\u00eb Kosov\u00ebs p\u00ebr Rajonin e Gjakov\u00ebs, Sheremet Elezaj.<\/p>\n<p>\u201cRreth or\u00ebs 07:15 \u00ebsht\u00eb raportuar se n\u00eb fshatin Banj\u00eb-Malishev\u00eb, viktima mashkull i mosh\u00ebs madhore \u00ebsht\u00eb gjetur pa shenja jet\u00eb, dyshohet t\u00eb jet\u00eb q\u00eblluar me arm\u00eb zjarri. Ekipi mjek\u00ebsor i cili ka dal\u00eb n\u00eb vendin e ngjarjes ka konstatuar vdekjen e tij. Nj\u00eb person, po ashtu mashkull i mosh\u00ebs madhore, \u00ebsht\u00eb dor\u00ebzuar n\u00eb Stacionin Policor n\u00eb Malishev\u00eb dhe nga hetimet e para dyshohet se i nj\u00ebjti, p\u00ebr motive ende t\u00eb panjohura, ka q\u00eblluar viktim\u00ebn me arm\u00eb zjarri. Nj\u00ebsitet e nevojshme policore kan\u00eb dal\u00eb n\u00eb vendin e ngjarjes si dhe \u00ebsht\u00eb njoftuar prokurori i shtetit n\u00eb koordinim t\u00eb cilin jan\u00eb duke u nd\u00ebrmarr veprimet e nevojshme hetimore\u201d, tha Elezaj p\u00ebr Sinjalin.<\/p>\n\n<div style=\"font-size: 0px; height: 0px; line-height: 0px; margin: 0; padding: 0; clear: both;\"><\/div>","protected":false},"excerpt":{"rendered":"<p>Tragjedia n\u00eb Malishev\u00eb, ky \u00ebsht\u00eb i riu q\u00eb dyshohet se u vra nga shoku i tij Nj\u00eb ngjarje e r\u00ebnd\u00eb tronditi m\u00ebngjesin e sot\u00ebm Malishev\u00ebn dhe gjith\u00eb&#8230; <\/p>\n","protected":false},"author":1,"featured_media":3687,"comment_status":"open","ping_status":"open","sticky":false,"template":"","format":"standard","meta":{"footnotes":""},"categories":[6],"tags":[],"class_list":["post-3686","post","type-post","status-publish","format-standard","has-post-thumbnail","hentry","category-lajme"],"_links":{"self":[{"href":"https:\/\/new.findnews5.com\/index.php?rest_route=\/wp\/v2\/posts\/3686","targetHints":{"allow":["GET"]}}],"collection":[{"href":"https:\/\/new.findnews5.com\/index.php?rest_route=\/wp\/v2\/posts"}],"about":[{"href":"https:\/\/new.findnews5.com\/index.php?rest_route=\/wp\/v2\/types\/post"}],"author":[{"embeddable":true,"href":"https:\/\/new.findnews5.com\/index.php?rest_route=\/wp\/v2\/users\/1"}],"replies":[{"embeddable":true,"href":"https:\/\/new.findnews5.com\/index.php?rest_route=%2Fwp%2Fv2%2Fcomments&post=3686"}],"version-history":[{"count":0,"href":"https:\/\/new.findnews5.com\/index.php?rest_route=\/wp\/v2\/posts\/3686\/revisions"}],"wp:featuredmedia":[{"embeddable":true,"href":"https:\/\/new.findnews5.com\/index.php?rest_route=\/wp\/v2\/media\/3687"}],"wp:attachment":[{"href":"https:\/\/new.findnews5.com\/index.php?rest_route=%2Fwp%2Fv2%2Fmedia&parent=3686"}],"wp:term":[{"taxonomy":"category","embeddable":true,"href":"https:\/\/new.findnews5.com\/index.php?rest_route=%2Fwp%2Fv2%2Fcategories&post=3686"},{"taxonomy":"post_tag","embeddable":true,"href":"https:\/\/new.findnews5.com\/index.php?rest_route=%2Fwp%2Fv2%2Ftags&post=3686"}],"curies":[{"name":"wp","href":"https:\/\/api.w.org\/{rel}","templated":true}]}}