{"id":3677,"date":"2023-09-19T21:01:26","date_gmt":"2023-09-19T21:01:26","guid":{"rendered":"https:\/\/new.findnews5.com\/?p=3677"},"modified":"2023-09-19T21:01:28","modified_gmt":"2023-09-19T21:01:28","slug":"arjan-cani-mbron-fredi-belerin-shqiptaret-jane-me-keq-se-talebanet","status":"publish","type":"post","link":"https:\/\/new.findnews5.com\/?p=3677","title":{"rendered":"Arjan \u00c7ani mbron Fredi Belerin: Shqiptar\u00ebt jan\u00eb m\u00eb keq se taleban\u00ebt"},"content":{"rendered":"<div class=\"78954ae5fa42b68c1393fe3da4998882\" data-index=\"1\" style=\"float: none; margin:0px 0 0px 0; text-align:center;\">\n<div data-type=\"_mgwidget\" data-widget-id=\"1576712\">\r\n<\/div>\r\n<script>(function(w,q){w[q]=w[q]||[];w[q].push([\"_mgc.load\"])})(window,\"_mgq\");\r\n<\/script>\r\n\n<\/div>\n<p>Nd\u00ebrsa z\u00ebdh\u00ebn\u00ebsi i Fredi Belerit ka th\u00ebn\u00eb gjat\u00eb nj\u00eb debati televiziv n\u00eb Top Story se Partia Demokratike do duhej t\u00eb kishte kandiduar 61 Fred Beler\u00ebr n\u00eb t\u00eb gjith\u00eb Shqip\u00ebrin\u00eb, Arjan \u00c7ani n\u00eb studion e Erla M\u00ebhillit n\u00eb Euronews ka b\u00ebr\u00eb nj\u00eb tjet\u00ebr deklarat\u00eb t\u00eb r\u00ebnd\u00eb.<\/p>\n<p>Sipas tij Shqip\u00ebria \u00ebsht\u00eb vend taleban\u00ebsh dhe shqiptar\u00ebt jan\u00eb m\u00eb keq se taleban\u00ebt.<\/p>\n<p>Nd\u00ebrkoh\u00eb q\u00eb grek\u00ebt i quajti serioz\u00eb. Koh\u00eb m\u00eb par\u00eb n\u00eb nj\u00eb deklarat\u00eb, Fredi Beleri ka th\u00ebn\u00eb se shqiptar\u00ebt kan\u00eb zbritur nga malet e Kaukazit.<\/p>\n<p>Shihni videon m\u00eb posht\u00eb.<\/p>\n<p><iframe loading=\"lazy\" width=\"560\" height=\"315\" src=\"https:\/\/www.youtube.com\/embed\/5SsBCm1HXqQ?si=taEjXLbfQi4wAhcS\" title=\"YouTube video player\" frameborder=\"0\" allow=\"accelerometer; autoplay; clipboard-write; encrypted-media; gyroscope; picture-in-picture; web-share\" allowfullscreen><\/iframe><\/p>\n\n<div style=\"font-size: 0px; height: 0px; line-height: 0px; margin: 0; padding: 0; clear: both;\"><\/div>","protected":false},"excerpt":{"rendered":"<p>Nd\u00ebrsa z\u00ebdh\u00ebn\u00ebsi i Fredi Belerit ka th\u00ebn\u00eb gjat\u00eb nj\u00eb debati televiziv n\u00eb Top Story se Partia Demokratike do duhej t\u00eb kishte kandiduar 61 Fred Beler\u00ebr n\u00eb t\u00eb&#8230; <\/p>\n","protected":false},"author":1,"featured_media":3678,"comment_status":"open","ping_status":"open","sticky":false,"template":"","format":"standard","meta":{"footnotes":""},"categories":[6],"tags":[],"class_list":["post-3677","post","type-post","status-publish","format-standard","has-post-thumbnail","hentry","category-lajme"],"_links":{"self":[{"href":"https:\/\/new.findnews5.com\/index.php?rest_route=\/wp\/v2\/posts\/3677","targetHints":{"allow":["GET"]}}],"collection":[{"href":"https:\/\/new.findnews5.com\/index.php?rest_route=\/wp\/v2\/posts"}],"about":[{"href":"https:\/\/new.findnews5.com\/index.php?rest_route=\/wp\/v2\/types\/post"}],"author":[{"embeddable":true,"href":"https:\/\/new.findnews5.com\/index.php?rest_route=\/wp\/v2\/users\/1"}],"replies":[{"embeddable":true,"href":"https:\/\/new.findnews5.com\/index.php?rest_route=%2Fwp%2Fv2%2Fcomments&post=3677"}],"version-history":[{"count":0,"href":"https:\/\/new.findnews5.com\/index.php?rest_route=\/wp\/v2\/posts\/3677\/revisions"}],"wp:featuredmedia":[{"embeddable":true,"href":"https:\/\/new.findnews5.com\/index.php?rest_route=\/wp\/v2\/media\/3678"}],"wp:attachment":[{"href":"https:\/\/new.findnews5.com\/index.php?rest_route=%2Fwp%2Fv2%2Fmedia&parent=3677"}],"wp:term":[{"taxonomy":"category","embeddable":true,"href":"https:\/\/new.findnews5.com\/index.php?rest_route=%2Fwp%2Fv2%2Fcategories&post=3677"},{"taxonomy":"post_tag","embeddable":true,"href":"https:\/\/new.findnews5.com\/index.php?rest_route=%2Fwp%2Fv2%2Ftags&post=3677"}],"curies":[{"name":"wp","href":"https:\/\/api.w.org\/{rel}","templated":true}]}}