{"id":3674,"date":"2023-09-19T20:57:23","date_gmt":"2023-09-19T20:57:23","guid":{"rendered":"https:\/\/new.findnews5.com\/?p=3674"},"modified":"2023-09-19T20:57:24","modified_gmt":"2023-09-19T20:57:24","slug":"tik-lapaj-shperthen-ne-delir-per-partine-e-re-nga-e-hena-do-te-ndryshoje-debati-publik-ne-shqiperi","status":"publish","type":"post","link":"https:\/\/new.findnews5.com\/?p=3674","title":{"rendered":"Tik Lapaj shp\u00ebrthen n\u00eb delir p\u00ebr partin\u00eb e re: Nga e h\u00ebna do t\u00eb ndryshoj\u00eb debati publik n\u00eb Shqip\u00ebri"},"content":{"rendered":"<div class=\"78954ae5fa42b68c1393fe3da4998882\" data-index=\"1\" style=\"float: none; margin:0px 0 0px 0; text-align:center;\">\n<div data-type=\"_mgwidget\" data-widget-id=\"1576712\">\r\n<\/div>\r\n<script>(function(w,q){w[q]=w[q]||[];w[q].push([\"_mgc.load\"])})(window,\"_mgq\");\r\n<\/script>\r\n\n<\/div>\n<p>Tre dit\u00eb nga prezantimi i partis\u00eb q\u00eb do ta drejtoj\u00eb vet\u00eb, avokati Adriatik Lapaj tha se l\u00ebvizja \u201cShqip\u00ebria B\u00ebhet\u201d do ta ket\u00eb takimin e par\u00eb n\u00eb Rreshen n\u00eb or\u00ebn 17:00 dhe m\u00eb pas do t\u00eb jet\u00eb nj\u00eb rrug\u00ebtim serioz q\u00eb nuk do t\u00eb ket\u00eb kthim pas.<\/p>\n<p>Gjithashtu ai shtoi se \u00ebsht\u00eb i vendosur p\u00ebr nj\u00eb qasje t\u00eb re t\u00eb debatit publik n\u00eb vend. Nuk la pa p\u00ebrmendur edhe kritik\u00ebt dhe ata q\u00eb kan\u00eb reaguar me akuza ndaj k\u00ebsaj l\u00ebvizjeje, duke th\u00ebn\u00eb se ndjehen t\u00eb k\u00ebrc\u00ebnuar me k\u00ebt\u00eb model t\u00eb ri.<\/p>\n<p>\u201cPas tre dit\u00ebsh \u00ebsht\u00eb prezantimi zyrtar, fillojm\u00eb me takimin e par\u00eb n\u00eb Rreshen n\u00eb or\u00eb 17:00. Vazhdojm\u00eb me takime n\u00eb Pogradec, kemi takime me diaspor\u00ebn. Ky \u00ebsht\u00eb nj\u00eb rrug\u00ebtim serioz i vendosur dhe nuk ka m\u00eb kthim pas.<\/p>\n<p>L\u00ebvizja do t\u00eb jet\u00eb e organizuar nga Departamenteve t\u00eb fushave t\u00eb ndryshme. Do t\u00eb ket\u00eb propozime konkrete, do t\u00eb jet\u00eb nj\u00eb paket\u00eb e plot\u00eb. Nga dita e h\u00ebn\u00eb do t\u00eb ndryshoj\u00eb debati publik n\u00eb Shqip\u00ebri. Nuk i kam hyr\u00eb k\u00ebsaj rrug\u00eb p\u00ebr t\u00eb menduar t\u00eb keqen do t\u00eb ket\u00eb qasjen e re karshi debatit publik.<\/p>\n<p>Debat me prova. Po i hy k\u00ebsaj rrug\u00eb p\u00ebr t\u00eb krijuar model t\u00eb ri t\u00eb t\u00eb angazhuarit n\u00eb jet\u00ebn publike. Kjo do t\u00eb jet\u00eb rrug\u00eb e vlerave, pra do t\u00eb ket\u00eb nj\u00eb standard t\u00eb ri t\u00eb debatit. Un\u00eb do t\u00eb shkoj tek qytetar\u00ebt. E kam marr\u00eb k\u00ebt\u00eb rrug\u00eb tani, mosh\u00ebn e kam n\u00eb favor. Balt\u00ebs nuk do t\u2019i kthehem me balt\u00eb. Nuk jam n\u00eb k\u00ebt\u00eb rrug\u00eb p\u00ebr t\u00eb replikuar modelin e t\u00eb keqes dhe kush do t\u00eb paguhet me para krimi e ka t\u00eb kot\u00eb nuk ka m\u00eb kthim pas.<\/p>\n<p>Do t\u00eb vendosim nj\u00eb model t\u00eb ri n\u00eb k\u00ebt\u00eb republik\u00eb. N\u00ebse nuk do t\u00eb na sulmonin do t\u00eb thot\u00eb se nuk kemi b\u00ebr\u00eb asgj\u00eb. Fakti q\u00eb na sulmojn\u00eb do t\u00eb thot\u00eb se i kemi trazuar uj\u00ebrat. Jemi duke i k\u00ebrc\u00ebnuar me modelin ton\u00eb\u201d, tha ai p\u00ebr News 24.<\/p>\n\n<div style=\"font-size: 0px; height: 0px; line-height: 0px; margin: 0; padding: 0; clear: both;\"><\/div>","protected":false},"excerpt":{"rendered":"<p>Tre dit\u00eb nga prezantimi i partis\u00eb q\u00eb do ta drejtoj\u00eb vet\u00eb, avokati Adriatik Lapaj tha se l\u00ebvizja \u201cShqip\u00ebria B\u00ebhet\u201d do ta ket\u00eb takimin e par\u00eb n\u00eb Rreshen&#8230; <\/p>\n","protected":false},"author":1,"featured_media":3675,"comment_status":"open","ping_status":"open","sticky":false,"template":"","format":"standard","meta":{"footnotes":""},"categories":[6],"tags":[],"class_list":["post-3674","post","type-post","status-publish","format-standard","has-post-thumbnail","hentry","category-lajme"],"_links":{"self":[{"href":"https:\/\/new.findnews5.com\/index.php?rest_route=\/wp\/v2\/posts\/3674","targetHints":{"allow":["GET"]}}],"collection":[{"href":"https:\/\/new.findnews5.com\/index.php?rest_route=\/wp\/v2\/posts"}],"about":[{"href":"https:\/\/new.findnews5.com\/index.php?rest_route=\/wp\/v2\/types\/post"}],"author":[{"embeddable":true,"href":"https:\/\/new.findnews5.com\/index.php?rest_route=\/wp\/v2\/users\/1"}],"replies":[{"embeddable":true,"href":"https:\/\/new.findnews5.com\/index.php?rest_route=%2Fwp%2Fv2%2Fcomments&post=3674"}],"version-history":[{"count":0,"href":"https:\/\/new.findnews5.com\/index.php?rest_route=\/wp\/v2\/posts\/3674\/revisions"}],"wp:featuredmedia":[{"embeddable":true,"href":"https:\/\/new.findnews5.com\/index.php?rest_route=\/wp\/v2\/media\/3675"}],"wp:attachment":[{"href":"https:\/\/new.findnews5.com\/index.php?rest_route=%2Fwp%2Fv2%2Fmedia&parent=3674"}],"wp:term":[{"taxonomy":"category","embeddable":true,"href":"https:\/\/new.findnews5.com\/index.php?rest_route=%2Fwp%2Fv2%2Fcategories&post=3674"},{"taxonomy":"post_tag","embeddable":true,"href":"https:\/\/new.findnews5.com\/index.php?rest_route=%2Fwp%2Fv2%2Ftags&post=3674"}],"curies":[{"name":"wp","href":"https:\/\/api.w.org\/{rel}","templated":true}]}}