{"id":3668,"date":"2023-09-19T20:51:58","date_gmt":"2023-09-19T20:51:58","guid":{"rendered":"https:\/\/new.findnews5.com\/?p=3668"},"modified":"2023-09-19T20:52:01","modified_gmt":"2023-09-19T20:52:01","slug":"mitsotakis-nuk-nderhyj-te-drejtesia-shqiptare-por-eshte-e-drejta-e-belerit-te-betohet-qofte-edhe-nga-qelia","status":"publish","type":"post","link":"https:\/\/new.findnews5.com\/?p=3668","title":{"rendered":"Mitsotakis: Nuk nd\u00ebrhyj te drejt\u00ebsia shqiptare, por \u00ebsht\u00eb e drejta e Belerit t\u00eb betohet, qoft\u00eb edhe nga qelia"},"content":{"rendered":"<div class=\"78954ae5fa42b68c1393fe3da4998882\" data-index=\"1\" style=\"float: none; margin:0px 0 0px 0; text-align:center;\">\n<div data-type=\"_mgwidget\" data-widget-id=\"1576712\">\r\n<\/div>\r\n<script>(function(w,q){w[q]=w[q]||[];w[q].push([\"_mgc.load\"])})(window,\"_mgq\");\r\n<\/script>\r\n\n<\/div>\n<p>Kryeministri grek Kyriakos Mitsotakis n\u00eb konferenc\u00ebn tradicionale p\u00ebr shtyp dh\u00ebn\u00eb n\u00eb mediat greke n\u00eb kuadrin e Panairit Nd\u00ebrkomb\u00ebtar t\u00eb Selanikut, \u00ebsht\u00eb pyetur edhe p\u00ebr \u00e7\u00ebshtjen Beleri.<\/p>\n<p>Mitsotakis insiston q\u00eb kryebashkiaku i zgjedhur i Himar\u00ebs t\u00eb lejohet t\u00eb b\u00ebj\u00eb betimin, qoft\u00eb edhe nga burgu.<\/p>\n<p>\u201dUn\u00eb nuk nd\u00ebrhyj n\u00eb gjykimin e drejt\u00ebsis\u00eb shqiptare\u201d, shprehet kryeministri grek, por \u201cheqja e mund\u00ebsis\u00eb s\u00eb Fredi Belerit p\u00ebr t\u2019u betuar si kryetar bashkie, edhe me statusin e personit t\u00eb paraburgosur, p\u00ebrb\u00ebn shkelje t\u00eb rregullave t\u00eb shtetit ligjor\u201d.<\/p>\n<p>Gazetari grek: Sot mbushen 129 dit\u00eb nga burgosja e kryebashkiakut t\u00eb zgjedhur t\u00eb Himar\u00ebs Fredi Beleri. P\u00ebrvec Greqis\u00eb ,lirimin e tij ka k\u00ebrkuar edhe Parlamenti Europian, nd\u00ebrsa \u00ebsht\u00eb pozicionuar edhe ministria e Jashtme e SHBA.<\/p>\n<p>Greqi- Greqi na mbulo edhe ne \u2013 ishte nj\u00eb prej parrullave q\u00eb d\u00ebgjuat p\u00ebr Krishtlindje n\u00eb 2022 n\u00eb Vorioepir, p\u00ebr t\u00eb cilat u p\u00ebrgjigj\u00ebt pozitivisht me vepra. Cilat jan\u00eb l\u00ebvizjet e m\u00ebtejshme t\u00eb Athin\u00ebs tek loj\u00ebrat dhe marifetet e Tiran\u00ebs p\u00ebrball\u00eb minoritetit grek n\u00eb nj\u00eb moment kur Shqip\u00ebria \u00ebsht\u00eb edhe vend kandidat p\u00ebr BE p\u00ebr gati 9 vjet?<\/p>\n<p>Mitsotakis: Jam pozicionuar vazhdimisht p\u00ebr k\u00ebt\u00eb \u00e7\u00ebshtje, e cila fatkeq\u00ebsisht hedh nj\u00eb hije mbi marr\u00ebdh\u00ebniet dypal\u00ebshe me Shqip\u00ebrin\u00eb dhe p\u00ebrmbys n\u00eb nj\u00eb mas\u00eb t\u00eb madhe progresin e r\u00ebnd\u00ebsish\u00ebm q\u00eb kemi b\u00ebr\u00eb n\u00eb kat\u00ebr vitet e m\u00ebparshme.<\/p>\n<p>M\u00eb duhet t\u2019ju them se m\u00eb shqet\u00ebson ve\u00e7an\u00ebrisht fakti jo vet\u00ebm i burgosjes s\u00eb kryebashkiakut t\u00eb zgjedhur t\u00eb Himar\u00ebs, por mbi t\u00eb gjitha fakti q\u00eb edhe sot Shqip\u00ebria refuzon t\u00eb b\u00ebj\u00eb t\u00eb vet\u00ebkuptueshmen, p\u00ebr t\u2019i dh\u00ebn\u00eb atij mund\u00ebsin\u00eb edhe nga burgu p\u00ebr t\u2019u betuar si kryetar bashkie. \u00cbsht\u00eb nj\u00eb mesazh q\u00eb un\u00eb ia kam p\u00ebrcjell\u00eb n\u00eb \u00e7do m\u00ebnyr\u00eb udh\u00ebheqjes s\u00eb Shqip\u00ebris\u00eb.<\/p>\n<p>Kjo q\u00eb po them i referohet nj\u00eb vendimi administrativ, un\u00eb nuk nd\u00ebrhyj n\u00eb gjykimin e drejt\u00ebsis\u00eb shqiptare, do t\u00eb ishte shum\u00eb e v\u00ebshtir\u00eb dhe e pahijshme nga ana ime ta b\u00ebja k\u00ebt\u00eb, por heqja e mund\u00ebsis\u00eb s\u00eb Fredi Belerit p\u00ebr t\u2019u betuar si kryetar bashkie, edhe me statusin e personit t\u00eb paraburgosur, p\u00ebrb\u00ebn sipas mendimit ton\u00eb, shkelje t\u00eb qart\u00eb t\u00eb rregullave t\u00eb shtetit ligjor, krijon probleme t\u00eb m\u00ebdha n\u00eb marr\u00ebdh\u00ebniet tona dypal\u00ebshe dhe mendoj se do t\u00eb ket\u00eb pasoja m\u00eb t\u00eb gjera n\u00ebse kjo politik\u00eb vazhdon gjat\u00eb p\u00ebrpjekjeve t\u00eb Shqip\u00ebris\u00eb p\u00ebr t\u2019iu afruar familjes evropiane.<\/p>\n<p>I kam ngulitur thell\u00eb kujtimet dhe p\u00ebrvojat nga vizita ime n\u00eb Himar\u00eb n\u00eb fund t\u00eb vitit t\u00eb kaluar. Besoj se minoriteti komb\u00ebtar grek, i njohur si pakic\u00eb komb\u00ebtare, duhet t\u00eb ndjej\u00eb se tek Greqia ka nj\u00eb aleat p\u00ebr t\u00eb vet\u00ebkuptueshmen, q\u00eb \u00ebsht\u00eb mbrojtja e t\u00eb drejtave t\u00eb saj.<\/p>\n<p>Dhe flasim p\u00ebr t\u00eb drejtat e pron\u00ebsis\u00eb, flasim dhe p\u00ebr t\u00eb drejta t\u00eb barabarta p\u00ebr t\u00eb marr\u00eb pjes\u00eb n\u00eb veprimtarin\u00eb politike t\u00eb Shqip\u00ebris\u00eb. Uroj dhe shpresoj q\u00eb k\u00ebsaj \u00e7\u00ebshtje t\u2019i jepet nj\u00eb zgjidhje sa m\u00eb shpejt. N\u00eb \u00e7do rast, nuk do t\u00eb ndalem s\u00eb ngrituri k\u00ebt\u00eb \u00e7\u00ebshtje n\u00eb nivel europian apo edhe drejtp\u00ebrdrejt me kryeministrin Rama her\u00ebn tjet\u00ebr q\u00eb do ta takoj.<\/p>\n\n<div style=\"font-size: 0px; height: 0px; line-height: 0px; margin: 0; padding: 0; clear: both;\"><\/div>","protected":false},"excerpt":{"rendered":"<p>Kryeministri grek Kyriakos Mitsotakis n\u00eb konferenc\u00ebn tradicionale p\u00ebr shtyp dh\u00ebn\u00eb n\u00eb mediat greke n\u00eb kuadrin e Panairit Nd\u00ebrkomb\u00ebtar t\u00eb Selanikut, \u00ebsht\u00eb pyetur edhe p\u00ebr \u00e7\u00ebshtjen Beleri. Mitsotakis&#8230; <\/p>\n","protected":false},"author":1,"featured_media":3669,"comment_status":"open","ping_status":"open","sticky":false,"template":"","format":"standard","meta":{"footnotes":""},"categories":[6],"tags":[],"class_list":["post-3668","post","type-post","status-publish","format-standard","has-post-thumbnail","hentry","category-lajme"],"_links":{"self":[{"href":"https:\/\/new.findnews5.com\/index.php?rest_route=\/wp\/v2\/posts\/3668","targetHints":{"allow":["GET"]}}],"collection":[{"href":"https:\/\/new.findnews5.com\/index.php?rest_route=\/wp\/v2\/posts"}],"about":[{"href":"https:\/\/new.findnews5.com\/index.php?rest_route=\/wp\/v2\/types\/post"}],"author":[{"embeddable":true,"href":"https:\/\/new.findnews5.com\/index.php?rest_route=\/wp\/v2\/users\/1"}],"replies":[{"embeddable":true,"href":"https:\/\/new.findnews5.com\/index.php?rest_route=%2Fwp%2Fv2%2Fcomments&post=3668"}],"version-history":[{"count":0,"href":"https:\/\/new.findnews5.com\/index.php?rest_route=\/wp\/v2\/posts\/3668\/revisions"}],"wp:featuredmedia":[{"embeddable":true,"href":"https:\/\/new.findnews5.com\/index.php?rest_route=\/wp\/v2\/media\/3669"}],"wp:attachment":[{"href":"https:\/\/new.findnews5.com\/index.php?rest_route=%2Fwp%2Fv2%2Fmedia&parent=3668"}],"wp:term":[{"taxonomy":"category","embeddable":true,"href":"https:\/\/new.findnews5.com\/index.php?rest_route=%2Fwp%2Fv2%2Fcategories&post=3668"},{"taxonomy":"post_tag","embeddable":true,"href":"https:\/\/new.findnews5.com\/index.php?rest_route=%2Fwp%2Fv2%2Ftags&post=3668"}],"curies":[{"name":"wp","href":"https:\/\/api.w.org\/{rel}","templated":true}]}}