{"id":3665,"date":"2023-09-19T20:49:28","date_gmt":"2023-09-19T20:49:28","guid":{"rendered":"https:\/\/new.findnews5.com\/?p=3665"},"modified":"2023-09-19T20:49:29","modified_gmt":"2023-09-19T20:49:29","slug":"turp-po-mbroni-nje-kriminel-si-beleri-qytetari-i-del-para-ambasadores-greke-ne-tirane-video","status":"publish","type":"post","link":"https:\/\/new.findnews5.com\/?p=3665","title":{"rendered":"\u201cTurp, po mbroni nj\u00eb kriminel si Beleri\u201d, qytetari i del para ambasadores greke n\u00eb Tiran\u00eb (VIDEO)"},"content":{"rendered":"<div class=\"78954ae5fa42b68c1393fe3da4998882\" data-index=\"1\" style=\"float: none; margin:0px 0 0px 0; text-align:center;\">\n<div data-type=\"_mgwidget\" data-widget-id=\"1576712\">\r\n<\/div>\r\n<script>(function(w,q){w[q]=w[q]||[];w[q].push([\"_mgc.load\"])})(window,\"_mgq\");\r\n<\/script>\r\n\n<\/div>\n<p>Nj\u00eb qytetar ka protestuar i vet\u00ebm k\u00ebt\u00eb t\u00eb h\u00ebn\u00eb n\u00eb Apelin e GJKKO teksa po mbahej seanca e Fredi Belerit. N\u00eb video tregohet momenti kur qytetari i thot\u00eb ambasadores greke se po mbrojn\u00eb nj\u00eb vras\u00ebs.<\/p>\n<p>\u201cJeni kriminel\u00eb, ai \u00ebsht\u00eb nj\u00eb vras\u00ebs. Ai \u00ebsht\u00eb vras\u00ebs, turp t\u2019i vij\u00eb\u201d- tha qytetari.<\/p>\n<p>Apeli i Posa\u00e7\u00ebm ka rr\u00ebzuar s\u00ebrish k\u00ebrkes\u00ebn e Fredi Belerit p\u00ebr ndryshim t\u00eb mas\u00ebs s\u00eb siguris\u00eb \u2018arrest me burg\u2019.<\/p>\n<p>Beleri k\u00ebrkoi lirin\u00eb duke insistuar duhet t\u00eb betohet si kryebashkiak i zgjedhur i Himar\u00ebs, por Apeli i GJKKO e la n\u00eb burg. E pranishme n\u00eb gjykat\u00eb ishte \u00ebsht\u00eb edhe ambasadorja greke, Kostandina Kamitsi si dhe Vangjel Dule.<\/p>\n<p><iframe loading=\"lazy\" width=\"560\" height=\"315\" src=\"https:\/\/www.youtube.com\/embed\/frh3PkzNasY?si=dBTIyZL-jengQXf1\" title=\"YouTube video player\" frameborder=\"0\" allow=\"accelerometer; autoplay; clipboard-write; encrypted-media; gyroscope; picture-in-picture; web-share\" allowfullscreen><\/iframe><\/p>\n\n<div style=\"font-size: 0px; height: 0px; line-height: 0px; margin: 0; padding: 0; clear: both;\"><\/div>","protected":false},"excerpt":{"rendered":"<p>Nj\u00eb qytetar ka protestuar i vet\u00ebm k\u00ebt\u00eb t\u00eb h\u00ebn\u00eb n\u00eb Apelin e GJKKO teksa po mbahej seanca e Fredi Belerit. N\u00eb video tregohet momenti kur qytetari i&#8230; <\/p>\n","protected":false},"author":1,"featured_media":3666,"comment_status":"open","ping_status":"open","sticky":false,"template":"","format":"standard","meta":{"footnotes":""},"categories":[6],"tags":[],"class_list":["post-3665","post","type-post","status-publish","format-standard","has-post-thumbnail","hentry","category-lajme"],"_links":{"self":[{"href":"https:\/\/new.findnews5.com\/index.php?rest_route=\/wp\/v2\/posts\/3665","targetHints":{"allow":["GET"]}}],"collection":[{"href":"https:\/\/new.findnews5.com\/index.php?rest_route=\/wp\/v2\/posts"}],"about":[{"href":"https:\/\/new.findnews5.com\/index.php?rest_route=\/wp\/v2\/types\/post"}],"author":[{"embeddable":true,"href":"https:\/\/new.findnews5.com\/index.php?rest_route=\/wp\/v2\/users\/1"}],"replies":[{"embeddable":true,"href":"https:\/\/new.findnews5.com\/index.php?rest_route=%2Fwp%2Fv2%2Fcomments&post=3665"}],"version-history":[{"count":0,"href":"https:\/\/new.findnews5.com\/index.php?rest_route=\/wp\/v2\/posts\/3665\/revisions"}],"wp:featuredmedia":[{"embeddable":true,"href":"https:\/\/new.findnews5.com\/index.php?rest_route=\/wp\/v2\/media\/3666"}],"wp:attachment":[{"href":"https:\/\/new.findnews5.com\/index.php?rest_route=%2Fwp%2Fv2%2Fmedia&parent=3665"}],"wp:term":[{"taxonomy":"category","embeddable":true,"href":"https:\/\/new.findnews5.com\/index.php?rest_route=%2Fwp%2Fv2%2Fcategories&post=3665"},{"taxonomy":"post_tag","embeddable":true,"href":"https:\/\/new.findnews5.com\/index.php?rest_route=%2Fwp%2Fv2%2Ftags&post=3665"}],"curies":[{"name":"wp","href":"https:\/\/api.w.org\/{rel}","templated":true}]}}