{"id":3661,"date":"2023-09-19T20:45:46","date_gmt":"2023-09-19T20:45:46","guid":{"rendered":"https:\/\/new.findnews5.com\/?p=3661"},"modified":"2023-09-19T20:45:47","modified_gmt":"2023-09-19T20:45:47","slug":"cmendet-gazetari-dhermiu-99-99-ka-popullsi-greke","status":"publish","type":"post","link":"https:\/\/new.findnews5.com\/?p=3661","title":{"rendered":"\u201c\u00c7mendet\u201d gazetari: Dh\u00ebrmiu, 99.99% ka popullsi greke"},"content":{"rendered":"<div class=\"78954ae5fa42b68c1393fe3da4998882\" data-index=\"1\" style=\"float: none; margin:0px 0 0px 0; text-align:center;\">\n<div data-type=\"_mgwidget\" data-widget-id=\"1576712\">\r\n<\/div>\r\n<script>(function(w,q){w[q]=w[q]||[];w[q].push([\"_mgc.load\"])})(window,\"_mgq\");\r\n<\/script>\r\n\n<\/div>\n<p>Deklaratat e gazetarit Stavri Marko kan\u00eb shkaktuar debat n\u00eb studion e \u201cOpinion\u201d k\u00ebt\u00eb t\u00eb h\u00ebn\u00eb n\u00eb Tv Klan. Ai u shpreh se flamuri i Vorio Epirit \u00ebsht\u00eb simbol i pavar\u00ebsis\u00eb s\u00eb Himar\u00ebs.<\/p>\n<p>Kjo ka shkaktuar reagimin e profesorit Ardit Bido q\u00eb u shpreh se me at\u00eb flamur \u00ebsht\u00eb djegur Borshi dhe kan\u00eb vdekur mbi 10 mij\u00eb shqiptar\u00eb. Duke iu referuar flamurit t\u00eb Vorio Epirit, Bido u shpreh se \u00ebsht\u00eb krijuar n\u00eb vitin 1914 dhe nuk ka ekzistuar m\u00eb par\u00eb.<\/p>\n<p>Por deklaratat e gazetarit Marko nuk u ndal\u00ebn aty. Teksa u pyet nga Bido n\u00ebse n\u00eb Dh\u00ebrmi, aty ku Marko ka origjin\u00ebn, ka pasur pro shqiptar\u00eb apo pro grek\u00eb, gazetari u p\u00ebrgjigj se Dh\u00ebrmiu \u00ebsht\u00eb 99.99% popullsi greke.<\/p>\n<p>Por kjo ka sjell\u00eb s\u00ebrish p\u00ebrgjigjen e profesorit Bido.<\/p>\n<p>\u201cN\u00eb zon\u00ebn e Bashkis\u00eb Himar\u00eb ka tre fshatra me fluiditet t\u00eb identitetit etnik q\u00eb \u00ebsht\u00eb Himara fshat, jo qyteti, Dh\u00ebrmiu dhe Palasa, t\u00eb cil\u00ebt nj\u00eb pjes\u00eb e popullsis\u00eb s\u00eb atyre fshatrave jan\u00eb vet\u00ebidentifikuar gjithmon\u00eb si grek\u00eb. N\u00eb k\u00ebt\u00eb studim b\u00ebj analiz\u00eb se sa jan\u00eb k\u00ebta. Rezulton se kjo shif\u00ebr \u00ebsht\u00eb 14.5% e Bashkis\u00eb Himar\u00eb. Ka qen\u00eb statike q\u00eb prej viteve \u201930 n\u00eb \u00e7do rast q\u00eb \u00ebsht\u00eb b\u00ebr\u00eb nj\u00eb testim i popullsis\u00eb s\u00eb atyshme p\u00ebrfshir\u00eb edhe censusin e vitit 2011 q\u00eb nuk ka pasur bojkot n\u00eb k\u00ebt\u00eb bashki\u201d, tha ai.<\/p>\n<p>Ardit Bido: Ky flamur \u00ebsht\u00eb krijuar n\u00eb 1914. Ky flamur \u00ebsht\u00eb flamur i djegies s\u00eb Borshit, i vrasjes s\u00eb 10 mij\u00eb shqiptar\u00ebve, i d\u00ebbimit t\u00eb 1\/3 t\u00eb shqiptar\u00ebve t\u00eb juglindjes nga ka origjin\u00ebn zoti Kaso, nga kam origjin\u00ebn un\u00eb, nga keni origjin\u00ebn dhe ju. 1\/3 e atyre shqiptar\u00ebve jan\u00eb d\u00ebbuar rreth Vlor\u00ebs. Kan\u00eb vdekur mbi 10 mij\u00eb shqiptar\u00eb me k\u00ebt\u00eb flamur dhe ky \u00ebsht\u00eb flamur i krijuar, nuk ka ekzistuar. Ajo shkaba n\u00eb mes dykrenare e Perandoris\u00eb Bizantine dhe Kish\u00ebs Ortodokse q\u00eb nuk ka lidhje me Himar\u00ebn. Edhe ne shkab\u00ebn dykrenare kemi n\u00eb flamur se po na habisni. Edhe Himara shkab\u00ebn dykrenare ka pasur n\u00eb flamurin e vet q\u00eb \u00ebsht\u00eb flamuri shqiptar q\u00eb ka ngritur Jorgo Spiro Koleka n\u00eb vitet \u201920, q\u00eb e kan\u00eb ngritur shum\u00eb vet\u00eb, patriot\u00eb shqiptar\u00eb t\u00eb Vunoit, nj\u00eb fshat kompakt patriotik shqiptar, i Grillove, i Anagnost\u00ebve, meq\u00eb d\u00ebgjoj shqiptar\u00eb mbiemrat se jan\u00eb shum\u00eb t\u00eb njohur. Grillot dhe Anagnost\u00eb grek\u00eb nuk kam njohur. Un\u00eb dua t\u00eb t\u00eb p\u00ebrg\u00ebzoj ty dhe zotin Marko sepse na jepni mund\u00ebsin\u00eb q\u00eb t\u00eb shoh\u00eb dhe njoh\u00eb publiku se k\u00ebtu nuk kemi t\u00eb b\u00ebjm\u00eb me nj\u00eb \u00e7\u00ebshtje as votash, se n\u00eb Himar\u00eb votat grekomane nuk e kalojn\u00eb 15%, dhe nuk ka fituar p\u00ebr k\u00ebt\u00eb Beleri, por p\u00ebr arsye krejt t\u00eb tjera. Q\u00eb ta kuptojn\u00eb se ky debat \u00ebsht\u00eb nj\u00eb debat i nd\u00ebrlidhur me vepra penale, t\u00eb dukshme, t\u00eb c\u00ebnimit t\u00eb integritetit territorial i k\u00ebtij vendi t\u00eb njer\u00ebzve t\u00eb cil\u00ebt kan\u00eb mendjen tek ai flamur si\u00e7 thot\u00eb zoti Marko, q\u00eb e kan\u00eb mendjen t\u00eb mbrojn\u00eb ata q\u00eb kan\u00eb vrar\u00eb shqiptar\u00eb, kan\u00eb vrar\u00eb 10 mij\u00eb shqiptar\u00eb, kan\u00eb djegur Borshin q\u00eb \u00ebsht\u00eb pjes\u00eb e Bashkis\u00eb Himar\u00eb sot. K\u00ebtu nuk kemi t\u00eb b\u00ebjm\u00eb me nj\u00eb debat normal dhe mua m\u00eb vjen keq q\u00eb e prezantoni zotin Marko si gazetar, nuk di t\u00eb jet\u00eb i till\u00eb. Nuk di n\u00eb \u00e7\u2019media punon. Ai ka nj\u00eb teze nacionaliste ekstreme greke q\u00eb nuk ka lidhje fare me debatin q\u00eb b\u00ebhet sot. Pyetja p\u00ebr zotin Marko \u00ebsht\u00eb shum\u00eb e thjesht\u00eb. N\u00eb Himar\u00ebn tuaj, n\u00eb Dh\u00ebrmiun tuaj, se atje ka tre fshatra greqishtfol\u00ebse, ta  ij\u00eb publiku. \u00cbsht\u00eb Himara, Dh\u00ebrmiu, Palasa. Nuk \u00ebsht\u00eb Vunoi, Piluri, Qeparoi s\u2019jan\u00eb asnj\u00eb nga k\u00ebto t\u00eb tjera, jan\u00eb shqiptare pa fluidite etnike. N\u00eb Dh\u00ebrmiun tuaj nga ju vini ka pasur \u201cpend\u00ebkuq\u201d dhe \u201cpend\u00ebbardh\u00eb\u201d? Ka pasur pro shqiptar\u00eb dhe pro grek\u00eb? Se n\u00eb Vuno nuk gjen pro grek\u00eb, por n\u00eb Dh\u00ebrmi ka pasur pro shqiptar\u00eb dhe pro grek\u00eb meqen\u00ebse po flisni p\u00ebr histori?<\/p>\n<p>Stavri Marko: Dh\u00ebrmiu \u00ebsht\u00eb 99.99% \u00ebsht\u00eb popullsi greke.<\/p>\n<p>Ardit Bido: Petro Marko kush\u00ebriri juaj i larg\u00ebt q\u00eb deklaronte q\u00eb \u00ebsht\u00eb shqiptar \u00e7far\u00eb ishte?<\/p>\n<p>Stavri Marko: L\u00ebre Petron ti, ku ke par\u00eb ti. Ke qen\u00eb qum\u00ebshtor kur ka qen\u00eb Petro artist o burr\u00eb.<\/p>\n<p>Ardit Bido: Un\u00eb e kam lexuar Petro Markon. Ti nuk e ke njohur p\u00ebr vete. Je kush\u00ebri shum\u00eb i larg\u00ebt, mos u shit si nipi i Petro Markos se nuk je.<\/p>\n<p>Stavri Marko: Je shum\u00eb i vog\u00ebl ti dish k\u00ebto gj\u00ebra.<\/p>\n<p>Ardit Bido: Q\u00eb ti din\u00eb shqiptar\u00ebt mbiemrat sepse jan\u00eb t\u00eb njohur. Gjikurit\u00eb jan\u00eb nga Dh\u00ebrmiu, Dun\u00ebt jan\u00eb nga Dh\u00ebrmiu. Markot jan\u00eb nga Dh\u00ebrmiu. Q\u00eb t\u2019i d\u00ebgjojn\u00eb shqiptar\u00ebt se kush jan\u00eb k\u00ebta grek\u00ebt kompakt\u00eb q\u00eb po deklarohen.<\/p>\n\n<div style=\"font-size: 0px; height: 0px; line-height: 0px; margin: 0; padding: 0; clear: both;\"><\/div>","protected":false},"excerpt":{"rendered":"<p>Deklaratat e gazetarit Stavri Marko kan\u00eb shkaktuar debat n\u00eb studion e \u201cOpinion\u201d k\u00ebt\u00eb t\u00eb h\u00ebn\u00eb n\u00eb Tv Klan. Ai u shpreh se flamuri i Vorio Epirit \u00ebsht\u00eb&#8230; <\/p>\n","protected":false},"author":1,"featured_media":3662,"comment_status":"open","ping_status":"open","sticky":false,"template":"","format":"standard","meta":{"footnotes":""},"categories":[6],"tags":[],"class_list":["post-3661","post","type-post","status-publish","format-standard","has-post-thumbnail","hentry","category-lajme"],"_links":{"self":[{"href":"https:\/\/new.findnews5.com\/index.php?rest_route=\/wp\/v2\/posts\/3661","targetHints":{"allow":["GET"]}}],"collection":[{"href":"https:\/\/new.findnews5.com\/index.php?rest_route=\/wp\/v2\/posts"}],"about":[{"href":"https:\/\/new.findnews5.com\/index.php?rest_route=\/wp\/v2\/types\/post"}],"author":[{"embeddable":true,"href":"https:\/\/new.findnews5.com\/index.php?rest_route=\/wp\/v2\/users\/1"}],"replies":[{"embeddable":true,"href":"https:\/\/new.findnews5.com\/index.php?rest_route=%2Fwp%2Fv2%2Fcomments&post=3661"}],"version-history":[{"count":0,"href":"https:\/\/new.findnews5.com\/index.php?rest_route=\/wp\/v2\/posts\/3661\/revisions"}],"wp:featuredmedia":[{"embeddable":true,"href":"https:\/\/new.findnews5.com\/index.php?rest_route=\/wp\/v2\/media\/3662"}],"wp:attachment":[{"href":"https:\/\/new.findnews5.com\/index.php?rest_route=%2Fwp%2Fv2%2Fmedia&parent=3661"}],"wp:term":[{"taxonomy":"category","embeddable":true,"href":"https:\/\/new.findnews5.com\/index.php?rest_route=%2Fwp%2Fv2%2Fcategories&post=3661"},{"taxonomy":"post_tag","embeddable":true,"href":"https:\/\/new.findnews5.com\/index.php?rest_route=%2Fwp%2Fv2%2Ftags&post=3661"}],"curies":[{"name":"wp","href":"https:\/\/api.w.org\/{rel}","templated":true}]}}