{"id":3658,"date":"2023-09-19T20:41:14","date_gmt":"2023-09-19T20:41:14","guid":{"rendered":"https:\/\/new.findnews5.com\/?p=3658"},"modified":"2023-09-19T20:41:15","modified_gmt":"2023-09-19T20:41:15","slug":"nderhyrja-e-greqise-eshte-skandaloze-e-pajustifikueshme-blendi-fevziu-sulmon-ashper-nderhyrjen-e-athines-per-belerin","status":"publish","type":"post","link":"https:\/\/new.findnews5.com\/?p=3658","title":{"rendered":"\u201cNd\u00ebrhyrja e Greqis\u00eb \u00ebsht\u00eb skandaloze, e pajustifikueshme\u201d, Blendi Fevziu sulmon ashp\u00ebr nd\u00ebrhyrjen e Athin\u00ebs p\u00ebr Belerin"},"content":{"rendered":"<div class=\"78954ae5fa42b68c1393fe3da4998882\" data-index=\"1\" style=\"float: none; margin:0px 0 0px 0; text-align:center;\">\n<div data-type=\"_mgwidget\" data-widget-id=\"1576712\">\r\n<\/div>\r\n<script>(function(w,q){w[q]=w[q]||[];w[q].push([\"_mgc.load\"])})(window,\"_mgq\");\r\n<\/script>\r\n\n<\/div>\n<p>Gazetari Blendi Fevziu u tregua i ashp\u00ebr n\u00eb reagimin e tij p\u00ebr nd\u00ebrhyrjen e shtetit grek n\u00eb mbrojtje t\u00eb kryetarit t\u00eb zgjedhur t\u00eb bashkis\u00eb s\u00eb himar\u00ebs, Fredi Beleri. Fevziu u shpreh n\u00eb emisionin \u201cT\u00eb Paekspozuarit\u201d se kjo nd\u00ebrhyrje \u00ebsht\u00eb skandaloze dhe e pajustifikueshme. Gazetari b\u00ebri edhe nj\u00eb paraleliz\u00ebm me nj\u00eb rast q\u00eb ndodhi n\u00eb Greqi gjat\u00eb zgjedhjeve me nj\u00eb pjes\u00ebtar t\u00eb minoritetit turk, ku vet\u00eb kryeministri grek d\u00ebnoi takimin e kandidatit minoritar turk me nj\u00eb punonj\u00ebs s\u00eb konsullat\u00ebs turke.<\/p>\n<p>\u201cDrejt\u00ebsia shqiptare nuk mund t\u00eb mbaj\u00eb n\u00eb burg \u00e7do njeri, p\u00ebr \u00e7do gj\u00eb. Pse duhet t\u00eb rrij\u00eb Safet Gjici n\u00eb burg? Ka b\u00ebr\u00eb, \u00e7\u2019ka b\u00ebr\u00eb, t\u00eb gjykohet n\u00eb gjykim t\u00eb lir\u00eb, sepse Evropa p\u00ebrdor standard tjet\u00ebr. N\u00eb k\u00ebt\u00eb rast Beleri mund t\u00eb ishte betuar.<\/p>\n<p>Nd\u00ebrhyrja e Greqis\u00eb \u00ebsht\u00eb skandaloze, e pajustifikueshme dhe n\u00eb shkelje t\u00eb t\u00eb gjitha normave. \u00c7far\u00eb do t\u00eb ndodhte n\u00eb greqi n\u00ebse Erdogani dhe ministrat e tij do t\u00eb ankoheshin p\u00ebr ndonj\u00eb pjes\u00ebtar t\u00eb minoritetit turk q\u00eb ka patur probleme n\u00eb zgjedhjet n\u00eb Greqi? N\u00eb zgjedhjet greke, nj\u00eb kandidat n\u00eb zonat turkofol\u00ebse n\u00eb kufirin lindor t\u00eb Greqis\u00eb ka takuar nj\u00eb p\u00ebrfaq\u00ebsues t\u00eb konsullat\u00ebs turke dhe ka dal\u00eb kryeministri i Greqis\u00eb duke th\u00ebn\u00eb: Si mundet q\u00eb nj\u00eb kandidat p\u00ebr t\u00eb zgjedhur lokal t\u00eb takoj\u00eb diplomat turk?!<\/p>\n<p>Me \u00e7far\u00eb t\u00eb drejte Beleri b\u00ebn fushat\u00eb elektorale me flamurin e Vorio-Epirit, nj\u00eb simbol i ndaluar n\u00eb shtetin shqiptar, i p\u00ebr\u00e7arjes dhe urrejtjes mes vendeve. N\u00ebqoft\u00ebse nj\u00eb shqiptar n\u00eb Greqi do t\u00eb b\u00ebnte fushat\u00eb elektorale me flamurin Autoctonus t\u00eb Ballist Morin\u00ebs, ku Greqia p\u00ebrfshihet brenda trojeve t\u00eb Shqip\u00ebris\u00eb s\u00eb Madhe, \u00e7far\u00eb do t\u00eb ndodhte n\u00eb Greqi?<\/p>\n<p>Drejt\u00ebsia mund t\u00eb kishte p\u00ebrdorur nj\u00eb standard tjet\u00ebr, por nga ana tjet\u00ebr nuk mund t\u2019i k\u00ebrkosh n\u00eb k\u00ebt\u00eb lloj m\u00ebnyre. N\u00ebse Greqia flet p\u00ebr bllokim t\u00eb rrug\u00ebs evropiane, le ta bllokoj\u00eb. Shqip\u00ebria nuk \u00ebsht\u00eb ajo e kaluara. Shqip\u00ebria duhet t\u00eb sqaroj\u00eb p\u00ebrfundimisht pjes\u00ebmarrjen n\u00eb masakr\u00ebn e Peshk\u00ebpis\u00eb. Un\u00eb kam qen\u00eb na familjen e ushtarit t\u00eb vrar\u00eb n\u00eb vitin 1994. Ishte nj\u00eb familje t\u00eb k\u00ebputur.<\/p>\n<p>Beleri le t\u00eb betohet, por un\u00eb nuk kuptoj se si mund t\u00eb ket\u00eb nj\u00eb bashki me 8 mij\u00eb banor\u00eb. Ndarja territoriale \u00ebsht\u00eb padrejt\u00eb, se kan\u00eb 1\/3 e vij\u00ebs bregdetare dhe e mbajn\u00eb peng. Himara nuk \u00ebsht\u00eb minoritet dhe as grek\u00ebt nuk e kan\u00eb njohur si t\u00eb till\u00eb\u201d- u shpreh Blendi Fevziu.<\/p>\n\n<div style=\"font-size: 0px; height: 0px; line-height: 0px; margin: 0; padding: 0; clear: both;\"><\/div>","protected":false},"excerpt":{"rendered":"<p>Gazetari Blendi Fevziu u tregua i ashp\u00ebr n\u00eb reagimin e tij p\u00ebr nd\u00ebrhyrjen e shtetit grek n\u00eb mbrojtje t\u00eb kryetarit t\u00eb zgjedhur t\u00eb bashkis\u00eb s\u00eb himar\u00ebs, Fredi&#8230; <\/p>\n","protected":false},"author":1,"featured_media":3659,"comment_status":"open","ping_status":"open","sticky":false,"template":"","format":"standard","meta":{"footnotes":""},"categories":[6],"tags":[],"class_list":["post-3658","post","type-post","status-publish","format-standard","has-post-thumbnail","hentry","category-lajme"],"_links":{"self":[{"href":"https:\/\/new.findnews5.com\/index.php?rest_route=\/wp\/v2\/posts\/3658","targetHints":{"allow":["GET"]}}],"collection":[{"href":"https:\/\/new.findnews5.com\/index.php?rest_route=\/wp\/v2\/posts"}],"about":[{"href":"https:\/\/new.findnews5.com\/index.php?rest_route=\/wp\/v2\/types\/post"}],"author":[{"embeddable":true,"href":"https:\/\/new.findnews5.com\/index.php?rest_route=\/wp\/v2\/users\/1"}],"replies":[{"embeddable":true,"href":"https:\/\/new.findnews5.com\/index.php?rest_route=%2Fwp%2Fv2%2Fcomments&post=3658"}],"version-history":[{"count":0,"href":"https:\/\/new.findnews5.com\/index.php?rest_route=\/wp\/v2\/posts\/3658\/revisions"}],"wp:featuredmedia":[{"embeddable":true,"href":"https:\/\/new.findnews5.com\/index.php?rest_route=\/wp\/v2\/media\/3659"}],"wp:attachment":[{"href":"https:\/\/new.findnews5.com\/index.php?rest_route=%2Fwp%2Fv2%2Fmedia&parent=3658"}],"wp:term":[{"taxonomy":"category","embeddable":true,"href":"https:\/\/new.findnews5.com\/index.php?rest_route=%2Fwp%2Fv2%2Fcategories&post=3658"},{"taxonomy":"post_tag","embeddable":true,"href":"https:\/\/new.findnews5.com\/index.php?rest_route=%2Fwp%2Fv2%2Ftags&post=3658"}],"curies":[{"name":"wp","href":"https:\/\/api.w.org\/{rel}","templated":true}]}}