{"id":3646,"date":"2023-09-19T16:49:20","date_gmt":"2023-09-19T16:49:20","guid":{"rendered":"https:\/\/new.findnews5.com\/?p=3646"},"modified":"2023-09-19T16:49:21","modified_gmt":"2023-09-19T16:49:21","slug":"ky-eshte-lajmi-i-fundit-per-edukatoret-qe-e-rrahen-femijun-ne-fushe-kosove","status":"publish","type":"post","link":"https:\/\/new.findnews5.com\/?p=3646","title":{"rendered":"Ky \u00ebsht\u00eb Lajmi i fundit p\u00ebr edukatoret q\u00eb e rrah\u00ebn femijun n\u00eb Fush\u00eb Kosov\u00eb"},"content":{"rendered":"<div class=\"78954ae5fa42b68c1393fe3da4998882\" data-index=\"1\" style=\"float: none; margin:0px 0 0px 0; text-align:center;\">\n<div data-type=\"_mgwidget\" data-widget-id=\"1576712\">\r\n<\/div>\r\n<script>(function(w,q){w[q]=w[q]||[];w[q].push([\"_mgc.load\"])})(window,\"_mgq\");\r\n<\/script>\r\n\n<\/div>\n<p>Nj\u00eb rast trondit\u00ebs \u00ebsht\u00eb zbuluar n\u00eb institucionin parashkollor \u2018G\u00ebzimi yn\u00eb\u2019 n\u00eb Fush\u00eb Kosov\u00eb, ku nj\u00eb f\u00ebmij\u00eb 3-vje\u00e7ar dyshohet se u dhunua fizikisht nga dy edukatore. K\u00ebto t\u00eb fundit jan\u00eb shoq\u00ebruar dhe jan\u00eb intervistuar nga organet e hetuesis\u00eb lidhur me rastin, raporton Gazeta Sinjali.<\/p>\n<p>Policia e Kosov\u00ebs njofton se pas p\u00ebrfundimit t\u00eb faz\u00ebs preliminare t\u00eb veprimeve hetimore, Prokurori i Shtetit ka nxjerr\u00eb aktvendim q\u00eb t\u00eb dyshuarave t\u2019u caktohet masa e ndalimit policor.<\/p>\n<p>\u201cPas p\u00ebrfundimit t\u00eb faz\u00ebs preliminare t\u00eb veprimeve hetimore, me rekomandimin e prokurorit t\u00eb shtetit, policia inicioi nj\u00eb hetim n\u00eb drejtim t\u00eb vepr\u00ebs penale \u201cKeqtrajtimi gjat\u00eb ushtrimit t\u00eb detyr\u00ebs zyrtare ose autorizimeve publike\u201d, dhe me aktvendim mbi ndalimin e personit t\u00eb dyshuar t\u00eb nxjerr\u00eb nga ana e prokurorit t\u00eb shtetit ndaj t\u00eb dyshuarave; N. M, fem\u00ebr, 64 vje\u00e7, shtetase e Republik\u00ebs s\u00eb Kosov\u00ebs, si dhe N. H, fem\u00ebr, 56 vje\u00e7, shtetase Republik\u00ebs s\u00eb Kosov\u00ebs, u shqiptua masa e ndalimit prej 48 or\u00ebsh\u201d, thuhet n\u00eb njoftim.<\/p>\n<p>N\u00eb pamjet e publikuara nga ambientet brenda \u00e7erdhes shihet teksa 3-vje\u00e7ari, t\u00ebrhiqet zvarr\u00eb nga m\u00ebsueset, nd\u00ebrsa tashm\u00eb jan\u00eb publikuar edhe foto nga l\u00ebndimet q\u00eb ka marr\u00eb f\u00ebmija.<\/p>\n\n<div style=\"font-size: 0px; height: 0px; line-height: 0px; margin: 0; padding: 0; clear: both;\"><\/div>","protected":false},"excerpt":{"rendered":"<p>Nj\u00eb rast trondit\u00ebs \u00ebsht\u00eb zbuluar n\u00eb institucionin parashkollor \u2018G\u00ebzimi yn\u00eb\u2019 n\u00eb Fush\u00eb Kosov\u00eb, ku nj\u00eb f\u00ebmij\u00eb 3-vje\u00e7ar dyshohet se u dhunua fizikisht nga dy edukatore. K\u00ebto t\u00eb&#8230; <\/p>\n","protected":false},"author":1,"featured_media":3647,"comment_status":"open","ping_status":"open","sticky":false,"template":"","format":"standard","meta":{"footnotes":""},"categories":[6],"tags":[],"class_list":["post-3646","post","type-post","status-publish","format-standard","has-post-thumbnail","hentry","category-lajme"],"_links":{"self":[{"href":"https:\/\/new.findnews5.com\/index.php?rest_route=\/wp\/v2\/posts\/3646","targetHints":{"allow":["GET"]}}],"collection":[{"href":"https:\/\/new.findnews5.com\/index.php?rest_route=\/wp\/v2\/posts"}],"about":[{"href":"https:\/\/new.findnews5.com\/index.php?rest_route=\/wp\/v2\/types\/post"}],"author":[{"embeddable":true,"href":"https:\/\/new.findnews5.com\/index.php?rest_route=\/wp\/v2\/users\/1"}],"replies":[{"embeddable":true,"href":"https:\/\/new.findnews5.com\/index.php?rest_route=%2Fwp%2Fv2%2Fcomments&post=3646"}],"version-history":[{"count":0,"href":"https:\/\/new.findnews5.com\/index.php?rest_route=\/wp\/v2\/posts\/3646\/revisions"}],"wp:featuredmedia":[{"embeddable":true,"href":"https:\/\/new.findnews5.com\/index.php?rest_route=\/wp\/v2\/media\/3647"}],"wp:attachment":[{"href":"https:\/\/new.findnews5.com\/index.php?rest_route=%2Fwp%2Fv2%2Fmedia&parent=3646"}],"wp:term":[{"taxonomy":"category","embeddable":true,"href":"https:\/\/new.findnews5.com\/index.php?rest_route=%2Fwp%2Fv2%2Fcategories&post=3646"},{"taxonomy":"post_tag","embeddable":true,"href":"https:\/\/new.findnews5.com\/index.php?rest_route=%2Fwp%2Fv2%2Ftags&post=3646"}],"curies":[{"name":"wp","href":"https:\/\/api.w.org\/{rel}","templated":true}]}}