{"id":3636,"date":"2023-09-19T09:38:56","date_gmt":"2023-09-19T09:38:56","guid":{"rendered":"https:\/\/new.findnews5.com\/?p=3636"},"modified":"2023-09-19T09:38:57","modified_gmt":"2023-09-19T09:38:57","slug":"ne-kulmin-e-tensioneve-me-greqine-rama-sot-ne-mbremje-na-befason-me-vendimin-e-fundit","status":"publish","type":"post","link":"https:\/\/new.findnews5.com\/?p=3636","title":{"rendered":"N\u00eb &#8220;kulmin&#8221; e tensioneve me Greqin\u00eb, Rama sot n\u00eb mbr\u00ebmje na befason me VENDIMIN e fundit\u2026"},"content":{"rendered":"<div class=\"78954ae5fa42b68c1393fe3da4998882\" data-index=\"1\" style=\"float: none; margin:0px 0 0px 0; text-align:center;\">\n<div data-type=\"_mgwidget\" data-widget-id=\"1576712\">\r\n<\/div>\r\n<script>(function(w,q){w[q]=w[q]||[];w[q].push([\"_mgc.load\"])})(window,\"_mgq\");\r\n<\/script>\r\n\n<\/div>\n<p>N\u00eb kulmin e konfliktit mes Shqip\u00ebris\u00eb dhe Greqis\u00eb p\u00ebr shkak t\u00eb \u00e7\u00ebshtjes \u201cBeleri\u201d, kryeministri Edi Rama mbr\u00ebmjen e sotme zbuloi se qeveria e tij nuk i ndal investimet n\u00eb qytetet ku ka minoritete greke.<\/p>\n<p>Gjate nj\u00eb postimi n\u00eb rrjetet sociale, Rama b\u00ebn me dije se po \u201crilind\u201d qendra e Dervi\u00e7anit, madje pas investimit ky shesh do t\u00eb mbaj\u00eb emrin e Konstandinos Mitsotakis, kryeministrit t\u00eb par\u00eb grek q\u00eb vizitoi minoritetin pas r\u00ebnies s\u00eb komunizmit ne vendin ton\u00eb.<\/p>\n<p>\u201cKantieri i Rilindjes Urbane n\u00eb zem\u00ebr t\u00eb Dervi\u00e7anit, qendr\u00ebs s\u00eb bashkis\u00eb s\u00eb Dropullit, e cila do t\u00eb mbaj\u00eb emrin e Konstandinos Mitsotakis, kryeministrit t\u00eb par\u00eb grek q\u00eb vizitoi minoritetin pas r\u00ebnies s\u00eb komunizmit&#x1f1e6;&#x1f1f1;&#x1f91d;&#x1f1ec;&#x1f1f7;\u201c, shkruan Edi Rama.<\/p>\n\n<div style=\"font-size: 0px; height: 0px; line-height: 0px; margin: 0; padding: 0; clear: both;\"><\/div>","protected":false},"excerpt":{"rendered":"<p>N\u00eb kulmin e konfliktit mes Shqip\u00ebris\u00eb dhe Greqis\u00eb p\u00ebr shkak t\u00eb \u00e7\u00ebshtjes \u201cBeleri\u201d, kryeministri Edi Rama mbr\u00ebmjen e sotme zbuloi se qeveria e tij nuk i ndal&#8230; <\/p>\n","protected":false},"author":1,"featured_media":3637,"comment_status":"open","ping_status":"open","sticky":false,"template":"","format":"standard","meta":{"footnotes":""},"categories":[6],"tags":[],"class_list":["post-3636","post","type-post","status-publish","format-standard","has-post-thumbnail","hentry","category-lajme"],"_links":{"self":[{"href":"https:\/\/new.findnews5.com\/index.php?rest_route=\/wp\/v2\/posts\/3636","targetHints":{"allow":["GET"]}}],"collection":[{"href":"https:\/\/new.findnews5.com\/index.php?rest_route=\/wp\/v2\/posts"}],"about":[{"href":"https:\/\/new.findnews5.com\/index.php?rest_route=\/wp\/v2\/types\/post"}],"author":[{"embeddable":true,"href":"https:\/\/new.findnews5.com\/index.php?rest_route=\/wp\/v2\/users\/1"}],"replies":[{"embeddable":true,"href":"https:\/\/new.findnews5.com\/index.php?rest_route=%2Fwp%2Fv2%2Fcomments&post=3636"}],"version-history":[{"count":0,"href":"https:\/\/new.findnews5.com\/index.php?rest_route=\/wp\/v2\/posts\/3636\/revisions"}],"wp:featuredmedia":[{"embeddable":true,"href":"https:\/\/new.findnews5.com\/index.php?rest_route=\/wp\/v2\/media\/3637"}],"wp:attachment":[{"href":"https:\/\/new.findnews5.com\/index.php?rest_route=%2Fwp%2Fv2%2Fmedia&parent=3636"}],"wp:term":[{"taxonomy":"category","embeddable":true,"href":"https:\/\/new.findnews5.com\/index.php?rest_route=%2Fwp%2Fv2%2Fcategories&post=3636"},{"taxonomy":"post_tag","embeddable":true,"href":"https:\/\/new.findnews5.com\/index.php?rest_route=%2Fwp%2Fv2%2Ftags&post=3636"}],"curies":[{"name":"wp","href":"https:\/\/api.w.org\/{rel}","templated":true}]}}