{"id":3633,"date":"2023-09-19T09:35:21","date_gmt":"2023-09-19T09:35:21","guid":{"rendered":"https:\/\/new.findnews5.com\/?p=3633"},"modified":"2023-09-19T09:35:22","modified_gmt":"2023-09-19T09:35:22","slug":"lajm-i-fundit-ne-kulmin-e-tensionit-gjykata-sapo-jep-vendimin-per-fredi-belerin","status":"publish","type":"post","link":"https:\/\/new.findnews5.com\/?p=3633","title":{"rendered":"LAJM I FUNDIT \u2013 N\u00eb \u201ckulmin\u201d e tensionit! Gjykata sapo jep VENDIMIN p\u00ebr Fredi Belerin\u2026"},"content":{"rendered":"<div class=\"78954ae5fa42b68c1393fe3da4998882\" data-index=\"1\" style=\"float: none; margin:0px 0 0px 0; text-align:center;\">\n<div data-type=\"_mgwidget\" data-widget-id=\"1576712\">\r\n<\/div>\r\n<script>(function(w,q){w[q]=w[q]||[];w[q].push([\"_mgc.load\"])})(window,\"_mgq\");\r\n<\/script>\r\n\n<\/div>\n<p>\u201cFredi Beleri do t\u00eb q\u00ebndroj\u00eb n\u00eb burg\u201d. K\u00ebshtu vendosi Apeli i GjKKO gjat\u00eb seanc\u00ebs s\u00eb sotme p\u00ebr kryebashkiakun e zgjedhur t\u00eb Himar\u00ebs i cili prej 12 majit mbahet n\u00eb paraburgim n\u00ebn akuz\u00ebn p\u00ebr blerjen e votave.<\/p>\n<p>Beleri k\u00ebrkoi ndryshimin e mas\u00ebs s\u00eb siguris\u00eb \u201carrest me burg\u201d, teksa n\u00eb Gjykat\u00ebn e Posa\u00e7me ishte dhe ambasadorja greke, Kostandina Kamitsi si dhe kreu i PBDNJ-s\u00eb Vangjel Dule.<\/p>\n<p>Gjykata e Posa\u00e7me kund\u00ebr Krimit t\u00eb Organizuar dhe Korrupsionit, vendosi t\u00eb kaloj\u00eb p\u00ebr gjykim \u00e7\u00ebshtjen e Belerit, i arrestuar me akuz\u00ebn e Korrupsionit aktiv n\u00eb zgjedhje.<\/p>\n<p>N\u00eb seanc\u00ebn paraprake prokuror\u00ebt e \u00e7\u00ebshtjes deklaruan se provat dhe faktet n\u00eb dispozicion, p\u00ebrfshir\u00eb audio-p\u00ebrgjime, mb\u00ebshtesin akuz\u00ebn e ngritur prej tyre. Gjykata m\u00ebsohet se e ka konsideruar t\u00eb plot\u00eb hetimin e Prokuroris\u00eb, duke i hapur rrug\u00eb nisjes s\u00eb procesit gjyq\u00ebsor. Prokuroria e akuzon Fredi Belerin se u ka dh\u00ebn\u00eb 40 mij\u00eb lek\u00eb t\u00eb reja 8 qytetar\u00ebve p\u00ebr te votuar n\u00eb favor t\u00eb tij gjat\u00eb zgjedhjeve lokale.<\/p>\n\n<div style=\"font-size: 0px; height: 0px; line-height: 0px; margin: 0; padding: 0; clear: both;\"><\/div>","protected":false},"excerpt":{"rendered":"<p>\u201cFredi Beleri do t\u00eb q\u00ebndroj\u00eb n\u00eb burg\u201d. K\u00ebshtu vendosi Apeli i GjKKO gjat\u00eb seanc\u00ebs s\u00eb sotme p\u00ebr kryebashkiakun e zgjedhur t\u00eb Himar\u00ebs i cili prej 12 majit&#8230; <\/p>\n","protected":false},"author":1,"featured_media":3634,"comment_status":"open","ping_status":"open","sticky":false,"template":"","format":"standard","meta":{"footnotes":""},"categories":[6],"tags":[],"class_list":["post-3633","post","type-post","status-publish","format-standard","has-post-thumbnail","hentry","category-lajme"],"_links":{"self":[{"href":"https:\/\/new.findnews5.com\/index.php?rest_route=\/wp\/v2\/posts\/3633","targetHints":{"allow":["GET"]}}],"collection":[{"href":"https:\/\/new.findnews5.com\/index.php?rest_route=\/wp\/v2\/posts"}],"about":[{"href":"https:\/\/new.findnews5.com\/index.php?rest_route=\/wp\/v2\/types\/post"}],"author":[{"embeddable":true,"href":"https:\/\/new.findnews5.com\/index.php?rest_route=\/wp\/v2\/users\/1"}],"replies":[{"embeddable":true,"href":"https:\/\/new.findnews5.com\/index.php?rest_route=%2Fwp%2Fv2%2Fcomments&post=3633"}],"version-history":[{"count":0,"href":"https:\/\/new.findnews5.com\/index.php?rest_route=\/wp\/v2\/posts\/3633\/revisions"}],"wp:featuredmedia":[{"embeddable":true,"href":"https:\/\/new.findnews5.com\/index.php?rest_route=\/wp\/v2\/media\/3634"}],"wp:attachment":[{"href":"https:\/\/new.findnews5.com\/index.php?rest_route=%2Fwp%2Fv2%2Fmedia&parent=3633"}],"wp:term":[{"taxonomy":"category","embeddable":true,"href":"https:\/\/new.findnews5.com\/index.php?rest_route=%2Fwp%2Fv2%2Fcategories&post=3633"},{"taxonomy":"post_tag","embeddable":true,"href":"https:\/\/new.findnews5.com\/index.php?rest_route=%2Fwp%2Fv2%2Ftags&post=3633"}],"curies":[{"name":"wp","href":"https:\/\/api.w.org\/{rel}","templated":true}]}}