{"id":3624,"date":"2023-09-19T09:20:26","date_gmt":"2023-09-19T09:20:26","guid":{"rendered":"https:\/\/new.findnews5.com\/?p=3624"},"modified":"2023-09-19T09:20:27","modified_gmt":"2023-09-19T09:20:27","slug":"nderhyrja-e-greqise-eshte-skandaloze-fevziu-reagon-ashper-ndaj-belerit-kercenimet","status":"publish","type":"post","link":"https:\/\/new.findnews5.com\/?p=3624","title":{"rendered":"&#8220;Nd\u00ebrhyrja e Greqis\u00eb \u00ebsht\u00eb skandaloze\u201d\/ Fevziu reagon ashp\u00ebr ndaj Belerit: K\u00ebrc\u00ebnimet\u2026"},"content":{"rendered":"<div class=\"78954ae5fa42b68c1393fe3da4998882\" data-index=\"1\" style=\"float: none; margin:0px 0 0px 0; text-align:center;\">\n<div data-type=\"_mgwidget\" data-widget-id=\"1576712\">\r\n<\/div>\r\n<script>(function(w,q){w[q]=w[q]||[];w[q].push([\"_mgc.load\"])})(window,\"_mgq\");\r\n<\/script>\r\n\n<\/div>\n<p>Gazetari Blendi Fevziu u tregua i ashp\u00ebr n\u00eb reagimin e tij p\u00ebr nd\u00ebrhyrjen e shtetit grek n\u00eb mbrojtje t\u00eb kryetarit t\u00eb zgjedhur t\u00eb bashkis\u00eb s\u00eb himar\u00ebs, Fredi Beleri.<\/p>\n<p>Fevziu u shpreh se kjo nd\u00ebrhyrje \u00ebsht\u00eb skandaloze dhe e pajustifikueshme, nd\u00ebrsa theksoi se Qeveria Shqiptare nuk duhet t\u00eb ndikohet nga ky presion.<\/p>\n<p>\u201cNd\u00ebrhyrja e Greqis\u00eb \u00ebsht\u00eb skandaloze, e pajustifikueshme dhe n\u00eb shkelje t\u00eb t\u00eb gjitha normave. \u00c7far\u00eb do t\u00eb ndodhte n\u00eb Greqi n\u00ebse Erdogani dhe ministrat e tij do t\u00eb ankoheshin p\u00ebr ndonj\u00eb pjes\u00ebtar t\u00eb minoritetit turk q\u00eb ka patur probleme n\u00eb zgjedhjet n\u00eb Greqi? Me \u00e7far\u00eb t\u00eb drejte Beleri b\u00ebn fushat\u00eb elektorale me flamurin e Vorio-Epirit, nj\u00eb simbol i ndaluar n\u00eb shtetin shqiptar, i p\u00ebr\u00e7arjes dhe urrejtjes mes vendeve. N\u00eb qoft\u00eb se nj\u00eb shqiptar n\u00eb Greqi do t\u00eb b\u00ebnte fushat\u00eb elektorale me flamurin \u2018Autoctonus\u2019 t\u00eb Ballist Morin\u00ebs, ku Greqia p\u00ebrfshihet brenda trojeve t\u00eb Shqip\u00ebris\u00eb s\u00eb Madhe, \u00e7far\u00eb do t\u00eb ndodhte n\u00eb Greqi? N\u00ebse Greqia flet p\u00ebr bllokim t\u00eb rrug\u00ebs europiane, le ta bllokoj\u00eb. Shqip\u00ebria nuk \u00ebsht\u00eb ajo e kaluara. Ndarja territoriale \u00ebsht\u00eb padrejt\u00eb, se kan\u00eb 1\/3 e vij\u00ebs bregdetare dhe e mbajn\u00eb peng. Himara nuk \u00ebsht\u00eb minoritet dhe as grek\u00ebt nuk e kan\u00eb njohur si t\u00eb till\u00eb\u201d, tha Fevziu.<\/p>\n\n<div style=\"font-size: 0px; height: 0px; line-height: 0px; margin: 0; padding: 0; clear: both;\"><\/div>","protected":false},"excerpt":{"rendered":"<p>Gazetari Blendi Fevziu u tregua i ashp\u00ebr n\u00eb reagimin e tij p\u00ebr nd\u00ebrhyrjen e shtetit grek n\u00eb mbrojtje t\u00eb kryetarit t\u00eb zgjedhur t\u00eb bashkis\u00eb s\u00eb himar\u00ebs, Fredi&#8230; <\/p>\n","protected":false},"author":1,"featured_media":3625,"comment_status":"open","ping_status":"open","sticky":false,"template":"","format":"standard","meta":{"footnotes":""},"categories":[6],"tags":[],"class_list":["post-3624","post","type-post","status-publish","format-standard","has-post-thumbnail","hentry","category-lajme"],"_links":{"self":[{"href":"https:\/\/new.findnews5.com\/index.php?rest_route=\/wp\/v2\/posts\/3624","targetHints":{"allow":["GET"]}}],"collection":[{"href":"https:\/\/new.findnews5.com\/index.php?rest_route=\/wp\/v2\/posts"}],"about":[{"href":"https:\/\/new.findnews5.com\/index.php?rest_route=\/wp\/v2\/types\/post"}],"author":[{"embeddable":true,"href":"https:\/\/new.findnews5.com\/index.php?rest_route=\/wp\/v2\/users\/1"}],"replies":[{"embeddable":true,"href":"https:\/\/new.findnews5.com\/index.php?rest_route=%2Fwp%2Fv2%2Fcomments&post=3624"}],"version-history":[{"count":0,"href":"https:\/\/new.findnews5.com\/index.php?rest_route=\/wp\/v2\/posts\/3624\/revisions"}],"wp:featuredmedia":[{"embeddable":true,"href":"https:\/\/new.findnews5.com\/index.php?rest_route=\/wp\/v2\/media\/3625"}],"wp:attachment":[{"href":"https:\/\/new.findnews5.com\/index.php?rest_route=%2Fwp%2Fv2%2Fmedia&parent=3624"}],"wp:term":[{"taxonomy":"category","embeddable":true,"href":"https:\/\/new.findnews5.com\/index.php?rest_route=%2Fwp%2Fv2%2Fcategories&post=3624"},{"taxonomy":"post_tag","embeddable":true,"href":"https:\/\/new.findnews5.com\/index.php?rest_route=%2Fwp%2Fv2%2Ftags&post=3624"}],"curies":[{"name":"wp","href":"https:\/\/api.w.org\/{rel}","templated":true}]}}