{"id":3616,"date":"2023-09-19T09:07:16","date_gmt":"2023-09-19T09:07:16","guid":{"rendered":"https:\/\/new.findnews5.com\/?p=3616"},"modified":"2023-09-19T09:07:17","modified_gmt":"2023-09-19T09:07:17","slug":"lajm-i-fundit-ahmetaj-behet-i-gjalle-kryen-levizjen-urgjente-nga-arratia-kerkon","status":"publish","type":"post","link":"https:\/\/new.findnews5.com\/?p=3616","title":{"rendered":"LAJM I FUNDIT \u2013 Ahmetaj b\u00ebhet \u201ci gjall\u00eb\u201d, kryen L\u00cbVIZJEN urgjente nga arratia! K\u00ebrkon\u2026"},"content":{"rendered":"<div class=\"78954ae5fa42b68c1393fe3da4998882\" data-index=\"1\" style=\"float: none; margin:0px 0 0px 0; text-align:center;\">\n<div data-type=\"_mgwidget\" data-widget-id=\"1576712\">\r\n<\/div>\r\n<script>(function(w,q){w[q]=w[q]||[];w[q].push([\"_mgc.load\"])})(window,\"_mgq\");\r\n<\/script>\r\n\n<\/div>\n<p>Ish-zv\/kryeministri Arben Ahmetaj nga arratia ankimon n\u00eb Gjykat\u00ebn Kushtetuese kontrollin e banes\u00ebs s\u00eb bashk\u00ebjetueses.<\/p>\n<p>S\u00eb fundmi Ahmetaj b\u00ebhet i \u201cgjall\u00eb\u201d dhe k\u00ebrkon shfuqizimin e vendimit t\u00eb Gjykat\u00ebs s\u00eb Lart\u00eb dhe d\u00ebrgimin e \u00e7\u00ebshtjes p\u00ebr rigjykim n\u00eb Apel.<\/p>\n<p>Sipas ankimit te Ahmetajt, kontrollet ne banese jan\u00eb n\u00eb papajtueshm\u00ebri me ligjin dhe antikushtetuese, pasi nuk ka patur autorizim nga Kuvendi, sepse n\u00eb nj\u00ebr\u00ebn nga banesat jetonte edhe vet\u00eb Ahmetaj q\u00eb g\u00ebzonte mandatin e deputetit.<\/p>\n<p>Arben Ahmetaj \u00ebsht\u00eb shpallur n\u00eb k\u00ebrkim nd\u00ebrkomb\u00ebtar, pasi akuzohet p\u00ebr \u201cmosdeklarim, deklarim t\u00eb rrem\u00eb dhe fshehje t\u00eb pasuris\u00eb\u201d, vet\u00ebm dhe n\u00eb bashk\u00ebpunim, \u201cKorrupsion pasiv t\u00eb funksionar\u00ebve t\u00eb lart\u00eb shtet\u00ebror\u00eb ose t\u00eb zgjedhurve vendor\u00eb\u201d n\u00eb gjasht\u00eb raste, \u201cPastrimit t\u00eb produkteve t\u00eb vepr\u00ebs penale ose veprimtaris\u00eb kriminale\u201d.<\/p>\n\n<div style=\"font-size: 0px; height: 0px; line-height: 0px; margin: 0; padding: 0; clear: both;\"><\/div>","protected":false},"excerpt":{"rendered":"<p>Ish-zv\/kryeministri Arben Ahmetaj nga arratia ankimon n\u00eb Gjykat\u00ebn Kushtetuese kontrollin e banes\u00ebs s\u00eb bashk\u00ebjetueses. S\u00eb fundmi Ahmetaj b\u00ebhet i \u201cgjall\u00eb\u201d dhe k\u00ebrkon shfuqizimin e vendimit t\u00eb Gjykat\u00ebs&#8230; <\/p>\n","protected":false},"author":1,"featured_media":3617,"comment_status":"open","ping_status":"open","sticky":false,"template":"","format":"standard","meta":{"footnotes":""},"categories":[6],"tags":[],"class_list":["post-3616","post","type-post","status-publish","format-standard","has-post-thumbnail","hentry","category-lajme"],"_links":{"self":[{"href":"https:\/\/new.findnews5.com\/index.php?rest_route=\/wp\/v2\/posts\/3616","targetHints":{"allow":["GET"]}}],"collection":[{"href":"https:\/\/new.findnews5.com\/index.php?rest_route=\/wp\/v2\/posts"}],"about":[{"href":"https:\/\/new.findnews5.com\/index.php?rest_route=\/wp\/v2\/types\/post"}],"author":[{"embeddable":true,"href":"https:\/\/new.findnews5.com\/index.php?rest_route=\/wp\/v2\/users\/1"}],"replies":[{"embeddable":true,"href":"https:\/\/new.findnews5.com\/index.php?rest_route=%2Fwp%2Fv2%2Fcomments&post=3616"}],"version-history":[{"count":0,"href":"https:\/\/new.findnews5.com\/index.php?rest_route=\/wp\/v2\/posts\/3616\/revisions"}],"wp:featuredmedia":[{"embeddable":true,"href":"https:\/\/new.findnews5.com\/index.php?rest_route=\/wp\/v2\/media\/3617"}],"wp:attachment":[{"href":"https:\/\/new.findnews5.com\/index.php?rest_route=%2Fwp%2Fv2%2Fmedia&parent=3616"}],"wp:term":[{"taxonomy":"category","embeddable":true,"href":"https:\/\/new.findnews5.com\/index.php?rest_route=%2Fwp%2Fv2%2Fcategories&post=3616"},{"taxonomy":"post_tag","embeddable":true,"href":"https:\/\/new.findnews5.com\/index.php?rest_route=%2Fwp%2Fv2%2Ftags&post=3616"}],"curies":[{"name":"wp","href":"https:\/\/api.w.org\/{rel}","templated":true}]}}