{"id":3599,"date":"2023-09-18T20:30:53","date_gmt":"2023-09-18T20:30:53","guid":{"rendered":"https:\/\/new.findnews5.com\/?p=3599"},"modified":"2023-09-18T20:30:54","modified_gmt":"2023-09-18T20:30:54","slug":"pasi-mbushi-xhepin-para-nga-sezoni-i-dasmave-ja-ku-ka-shkuar-safetja-me-burrin-dhe-vajzat-e-saj","status":"publish","type":"post","link":"https:\/\/new.findnews5.com\/?p=3599","title":{"rendered":"Pasi \u2018mbushi\u2019 xhepin para nga sezoni i dasmave, ja ku ka shkuar Safetja me burrin dhe vajzat e saj"},"content":{"rendered":"<div class=\"78954ae5fa42b68c1393fe3da4998882\" data-index=\"1\" style=\"float: none; margin:0px 0 0px 0; text-align:center;\">\n<div data-type=\"_mgwidget\" data-widget-id=\"1576712\">\r\n<\/div>\r\n<script>(function(w,q){w[q]=w[q]||[];w[q].push([\"_mgc.load\"])})(window,\"_mgq\");\r\n<\/script>\r\n\n<\/div>\n<p>Safete Mustafa \u00ebsht\u00eb k\u00ebng\u00ebtarja e mir\u00ebnjohur kosovare.<\/p>\n<p>Ajo s\u00eb bashku me motr\u00ebn e saj, Sahiden njihen n\u00eb publik me emrin e p\u00ebrbashk\u00ebt Motrat Mustafa. Safetja \u00ebsht\u00eb shum\u00eb e k\u00ebrkuar nga publiku shqiptar n\u00ebp\u00ebr dasma dhe aihenge.<\/p>\n<p>E tani kur ka kaluar koha e sezonit t\u00eb dasmave, Safetja ka gjetur koh\u00eb p\u00ebr pushime. Ajo ka zgjedhur nj\u00eb vend t\u00eb bukur t\u00eb Italis\u00eb, p\u00ebr t\u2019i kaluar pushimet me burrin dhe dy vajzat e saj.\/ora<\/p>\n<p>Shiko foton:<\/p>\n<p><img loading=\"lazy\" decoding=\"async\" class=\"alignnone size-medium wp-image-3601\" src=\"http:\/\/new.findnews5.com\/wp-content\/uploads\/2023\/09\/liqo-240x300.webp\" alt=\"\" width=\"240\" height=\"300\" srcset=\"https:\/\/new.findnews5.com\/wp-content\/uploads\/2023\/09\/liqo-240x300.webp 240w, https:\/\/new.findnews5.com\/wp-content\/uploads\/2023\/09\/liqo-819x1024.webp 819w, https:\/\/new.findnews5.com\/wp-content\/uploads\/2023\/09\/liqo-768x960.webp 768w, https:\/\/new.findnews5.com\/wp-content\/uploads\/2023\/09\/liqo.webp 1024w\" sizes=\"auto, (max-width: 240px) 100vw, 240px\" \/><\/p>\n\n<div style=\"font-size: 0px; height: 0px; line-height: 0px; margin: 0; padding: 0; clear: both;\"><\/div>","protected":false},"excerpt":{"rendered":"<p>Safete Mustafa \u00ebsht\u00eb k\u00ebng\u00ebtarja e mir\u00ebnjohur kosovare. Ajo s\u00eb bashku me motr\u00ebn e saj, Sahiden njihen n\u00eb publik me emrin e p\u00ebrbashk\u00ebt Motrat Mustafa. Safetja \u00ebsht\u00eb shum\u00eb&#8230; <\/p>\n","protected":false},"author":1,"featured_media":3600,"comment_status":"open","ping_status":"open","sticky":false,"template":"","format":"standard","meta":{"footnotes":""},"categories":[6],"tags":[],"class_list":["post-3599","post","type-post","status-publish","format-standard","has-post-thumbnail","hentry","category-lajme"],"_links":{"self":[{"href":"https:\/\/new.findnews5.com\/index.php?rest_route=\/wp\/v2\/posts\/3599","targetHints":{"allow":["GET"]}}],"collection":[{"href":"https:\/\/new.findnews5.com\/index.php?rest_route=\/wp\/v2\/posts"}],"about":[{"href":"https:\/\/new.findnews5.com\/index.php?rest_route=\/wp\/v2\/types\/post"}],"author":[{"embeddable":true,"href":"https:\/\/new.findnews5.com\/index.php?rest_route=\/wp\/v2\/users\/1"}],"replies":[{"embeddable":true,"href":"https:\/\/new.findnews5.com\/index.php?rest_route=%2Fwp%2Fv2%2Fcomments&post=3599"}],"version-history":[{"count":0,"href":"https:\/\/new.findnews5.com\/index.php?rest_route=\/wp\/v2\/posts\/3599\/revisions"}],"wp:featuredmedia":[{"embeddable":true,"href":"https:\/\/new.findnews5.com\/index.php?rest_route=\/wp\/v2\/media\/3600"}],"wp:attachment":[{"href":"https:\/\/new.findnews5.com\/index.php?rest_route=%2Fwp%2Fv2%2Fmedia&parent=3599"}],"wp:term":[{"taxonomy":"category","embeddable":true,"href":"https:\/\/new.findnews5.com\/index.php?rest_route=%2Fwp%2Fv2%2Fcategories&post=3599"},{"taxonomy":"post_tag","embeddable":true,"href":"https:\/\/new.findnews5.com\/index.php?rest_route=%2Fwp%2Fv2%2Ftags&post=3599"}],"curies":[{"name":"wp","href":"https:\/\/api.w.org\/{rel}","templated":true}]}}