{"id":3594,"date":"2023-09-18T17:47:34","date_gmt":"2023-09-18T17:47:34","guid":{"rendered":"https:\/\/new.findnews5.com\/?p=3594"},"modified":"2023-09-18T17:47:34","modified_gmt":"2023-09-18T17:47:34","slug":"dy-18-vjecare-shqiptare-vdesin-ne-nje-aksident-ne-zvicer","status":"publish","type":"post","link":"https:\/\/new.findnews5.com\/?p=3594","title":{"rendered":"Dy 18 vje\u00e7ar\u00eb shqiptar\u00eb vdesin n\u00eb nj\u00eb aksident n\u00eb Zvic\u00ebr"},"content":{"rendered":"<div class=\"78954ae5fa42b68c1393fe3da4998882\" data-index=\"1\" style=\"float: none; margin:0px 0 0px 0; text-align:center;\">\n<div data-type=\"_mgwidget\" data-widget-id=\"1576712\">\r\n<\/div>\r\n<script>(function(w,q){w[q]=w[q]||[];w[q].push([\"_mgc.load\"])})(window,\"_mgq\");\r\n<\/script>\r\n\n<\/div>\n<p>Nj\u00eb aksident i r\u00ebnd\u00eb ka ndodhur t\u00eb shtun\u00ebn n\u00eb Urn\u00e4sch. Dy persona kan\u00eb humbur jet\u00ebn n\u00eb vendngjarje. Si\u00e7 merr vesh albinfo.ch nga nj\u00eb burim i saj, dy viktimat jan\u00eb shqiptar\u00eb. B\u00ebhet fjal\u00eb p\u00ebr nj\u00eb t\u00eb rin 18 vje\u00e7ar nga Prishtina, me q\u00ebndrim n\u00eb Flawil dhe moshatarin e tij nga Kumanova, me q\u00ebndrim n\u00eb Gossau.<\/p>\n<p>Dy t\u00eb tjer\u00eb jan\u00eb d\u00ebrguar n\u00eb spital me l\u00ebndime.<\/p>\n<p>Pak para or\u00ebs 3 t\u00eb m\u00ebngjesit, nj\u00eb makin\u00eb me kat\u00ebr t\u00eb rinj t\u00eb mosh\u00ebs 18 deri n\u00eb 21 vje\u00e7 ishte nisur nga Urn\u00e4sch-i drejt Schw\u00e4galp-it, shkruan polizeinews.ch.<\/p>\n<p>Pak para lokalitetit Steinflue, shoferi kishte humbur kontrollin mbi mjetin e tij n\u00eb nj\u00eb kthes\u00eb n\u00eb t\u00eb djatht\u00eb dhe ka dal\u00eb nga rruga. P\u00ebr pasoj\u00eb, makina \u00ebsht\u00eb p\u00ebrmbysur dhe \u00ebsht\u00eb ndalur n\u00eb shtratin e lumit Urn\u00e4sch. Dy nga pasagjer\u00ebt, 18 dhe 21 vje\u00e7, kan\u00eb mundur t\u00eb dalin n\u00eb m\u00ebnyr\u00eb t\u00eb pavarur nga automjeti dhe jan\u00eb d\u00ebrguar n\u00eb spital nga Rega dhe sh\u00ebrbimet e urgjenc\u00ebs.<\/p>\n<p>Dy 18-vje\u00e7ar\u00eb kan\u00eb humbur jet\u00ebn n\u00eb vendngjarje.<\/p>\n<p>Shkaku i sakt\u00eb i aksidentit po hulumtohet n\u00ebn drejtimin e prokuroris\u00eb publike t\u00eb kantonit Appenzell Ausserrhoden dhe nga specialist\u00eb t\u00eb policis\u00eb kantonale, transmeton albinfo.ch.<\/p>\n<p>P\u00ebr t\u00eb siguruar provat jan\u00eb thirrur sh\u00ebrbimi mjekoligjor dhe Instituti i Mjek\u00ebsis\u00eb Ligjore i St Gallen-it.<\/p>\n<p>Rruga Schl\u00e4galpstrasse u desh t\u00eb mbyllej n\u00eb t\u00eb dy drejtimet n\u00eb m\u00ebnyr\u00eb q\u00eb t\u00eb realizohej hetimi i aksidentit, i cili zgjati rreth pes\u00eb or\u00eb.<\/p>\n<p>15 pjes\u00ebtar\u00eb t\u00eb departamentit t\u00eb zjarrfik\u00ebsve Urn\u00e4sch dhe 14 an\u00ebtar\u00eb t\u00eb departamentit t\u00eb zjarrfik\u00ebsve t\u00eb baz\u00ebs Herisau u vendos\u00ebn p\u00ebr t\u00eb mbyllur rrug\u00ebn. Ka pasur d\u00ebme materiale prej disa mij\u00ebra frangash.<\/p>\n<p>Foto: Kantonspolizei Appenzell Ausserrhoden<\/p>\n\n<div style=\"font-size: 0px; height: 0px; line-height: 0px; margin: 0; padding: 0; clear: both;\"><\/div>","protected":false},"excerpt":{"rendered":"<p>Nj\u00eb aksident i r\u00ebnd\u00eb ka ndodhur t\u00eb shtun\u00ebn n\u00eb Urn\u00e4sch. Dy persona kan\u00eb humbur jet\u00ebn n\u00eb vendngjarje. Si\u00e7 merr vesh albinfo.ch nga nj\u00eb burim i saj, dy&#8230; <\/p>\n","protected":false},"author":1,"featured_media":3595,"comment_status":"open","ping_status":"open","sticky":false,"template":"","format":"standard","meta":{"footnotes":""},"categories":[6],"tags":[],"class_list":["post-3594","post","type-post","status-publish","format-standard","has-post-thumbnail","hentry","category-lajme"],"_links":{"self":[{"href":"https:\/\/new.findnews5.com\/index.php?rest_route=\/wp\/v2\/posts\/3594","targetHints":{"allow":["GET"]}}],"collection":[{"href":"https:\/\/new.findnews5.com\/index.php?rest_route=\/wp\/v2\/posts"}],"about":[{"href":"https:\/\/new.findnews5.com\/index.php?rest_route=\/wp\/v2\/types\/post"}],"author":[{"embeddable":true,"href":"https:\/\/new.findnews5.com\/index.php?rest_route=\/wp\/v2\/users\/1"}],"replies":[{"embeddable":true,"href":"https:\/\/new.findnews5.com\/index.php?rest_route=%2Fwp%2Fv2%2Fcomments&post=3594"}],"version-history":[{"count":0,"href":"https:\/\/new.findnews5.com\/index.php?rest_route=\/wp\/v2\/posts\/3594\/revisions"}],"wp:featuredmedia":[{"embeddable":true,"href":"https:\/\/new.findnews5.com\/index.php?rest_route=\/wp\/v2\/media\/3595"}],"wp:attachment":[{"href":"https:\/\/new.findnews5.com\/index.php?rest_route=%2Fwp%2Fv2%2Fmedia&parent=3594"}],"wp:term":[{"taxonomy":"category","embeddable":true,"href":"https:\/\/new.findnews5.com\/index.php?rest_route=%2Fwp%2Fv2%2Fcategories&post=3594"},{"taxonomy":"post_tag","embeddable":true,"href":"https:\/\/new.findnews5.com\/index.php?rest_route=%2Fwp%2Fv2%2Ftags&post=3594"}],"curies":[{"name":"wp","href":"https:\/\/api.w.org\/{rel}","templated":true}]}}