{"id":3551,"date":"2023-09-06T21:42:30","date_gmt":"2023-09-06T21:42:30","guid":{"rendered":"https:\/\/new.findnews5.com\/?p=3551"},"modified":"2023-09-06T21:42:31","modified_gmt":"2023-09-06T21:42:31","slug":"nena-e-te-mitures-se-vetevarur-ne-pogradec-thyen-heshtjen-dhe-akuzon-ish-bashkeshortin-ne-takimin-e-fundit-mesova-se-vajza-dhunohej","status":"publish","type":"post","link":"https:\/\/new.findnews5.com\/?p=3551","title":{"rendered":"N\u00ebna e t\u00eb mitur\u00ebs s\u00eb vet\u00ebvarur n\u00eb Pogradec thyen heshtjen dhe akuzon ish-bashk\u00ebshortin: N\u00eb takimin e fundit m\u00ebsova se vajza dhunohej"},"content":{"rendered":"<div class=\"78954ae5fa42b68c1393fe3da4998882\" data-index=\"1\" style=\"float: none; margin:0px 0 0px 0; text-align:center;\">\n<div data-type=\"_mgwidget\" data-widget-id=\"1576712\">\r\n<\/div>\r\n<script>(function(w,q){w[q]=w[q]||[];w[q].push([\"_mgc.load\"])})(window,\"_mgq\");\r\n<\/script>\r\n\n<\/div>\n<p>Miranda Cani, n\u00eb nj\u00eb lidhje telefonike nga Greqia ka treguar detaje mbi keqtrajtimin e t\u00eb bij\u00ebs nga i ati edhe pse n\u00eb trupin e saj nuk u gjend asnj\u00eb shenj\u00eb q\u00eb fakton t\u00eb kund\u00ebrt\u00ebn.<\/p>\n<p>Dy jav\u00eb pas ngjarjes s\u00eb r\u00ebnd\u00eb, ku nj\u00eb e mitur u gjet e pajet\u00eb n\u00eb kasollen e bag\u00ebtive nga gjyshja dhe njerka e saj, prokuroria e Kor\u00e7\u00ebs ka rihapur hetimet. Ngjarja fillimisht u raportua nga familjar\u00ebt si vet\u00ebvrasje. Policia konfirmoi versionin e familjar\u00ebve por n\u00ebna e viktim\u00ebs, e cila kishte 5 vite e divorcuar, ngre akuza se e bija nuk \u00ebsht\u00eb vet\u00ebvarur. N\u00eb nj\u00eb intervist\u00eb me gazetaren Odeta Dume, ajo ka rr\u00ebfyer detaje t\u00eb reja mjaft trondit\u00ebse q\u00eb hedhin drit\u00eb mbi keqtrajtimet q\u00eb t\u00eb mitur\u00ebs i jan\u00eb b\u00ebr\u00eb nga i ati dhe gjyshi i saj. Madje, ky i fundit e kishte k\u00ebrc\u00ebnuar t\u00eb mitur\u00ebn para syve t\u00eb saj.<\/p>\n<p>\u2018T\u00eb mart\u00ebn m\u00eb dat\u00eb 22 gusht m\u00eb kan\u00eb marr\u00eb n\u00eb telefon n\u00eb mbr\u00ebmje\u2026 ka qen\u00eb ora 22:00 dhe un\u00eb kam qen\u00eb n\u00eb pun\u00eb k\u00ebtu n\u00eb Greqi. Lajmin e kam marr\u00eb nga n\u00ebna ime dhe n\u00eb Shqip\u00ebri kam arritur pa ndjenja\u2026Dit\u00ebn tjet\u00ebr doktori m\u00eb ka th\u00ebn\u00eb q\u00eb nuk ka asnj\u00eb shenj\u00eb dhune dhe asnj\u00eb shenj\u00eb varje. Vajza ime nuk \u00ebsht\u00eb varur. Un\u00eb e kam deklaruar edhe tek policia e Pogradecit sepse dua t\u00eb gjej t\u00eb v\u00ebrtet\u00ebn e vajz\u00ebs. \u00c7far\u00eb i b\u00ebn\u00eb vajz\u00ebs time? N\u00ebse shteti, prokuroria, policia nuk do ta gjej\u00eb t\u00eb drejt\u00ebn, un\u00eb do ta gjej vet\u00eb sepse jeta ime mori fund. Jam betuar dit\u00ebn e varrimit t\u00eb vajz\u00ebs q\u00eb un\u00eb do t\u2019i shkoj deri n\u00eb fund k\u00ebsaj ngjarje.\u2019- rr\u00ebfen n\u00ebna biologjike mes lot\u00ebsh.<\/p>\n<p>M\u00eb pas, mes lot\u00ebsh, Miranda Cani rr\u00ebfeu takimin e par\u00eb dhe t\u00eb fundit me t\u00eb bij\u00ebn pas 5 vitesh ndarje. Nj\u00eb takim q\u00eb kishte zgjatur vetem pak minuta n\u00eb pranin\u00eb e gjyshit.<\/p>\n<p>Gazetarja: K\u00ebt\u00eb ver\u00eb, ju keni pasur mund\u00ebsin\u00eb t\u00eb takoni vajz\u00ebn p\u00ebr her\u00eb t\u00eb par\u00eb q\u00eb pas divorcit 5 vite m\u00eb par\u00eb. Mund t\u00eb na tregosh rreth k\u00ebtij takimi!<\/p>\n<p>Miranda Cani: Takimin me vajz\u00ebn e kam realizuar me ndihm\u00ebn e administratorit t\u00eb fshatit. Ai m\u00eb tha s: \u201cDo e takosh vajz\u00ebn dhe ke leje p\u00ebr ta takuar gjys\u00ebm ore\u201d. E kemi lutur shum\u00eb at\u00eb dit\u00eb t\u00eb atin e vajz\u00ebs dhe m\u00eb n\u00eb fund e nxorri gjyshi dhe halla e vajz\u00ebs. N\u00eb momentin q\u00eb e kam takuar vajz\u00ebn, m\u00eb ka p\u00ebrqafuar\u2026nuk e prisja k\u00ebt\u00eb takim nga ime bij\u00eb dhe mua m\u00eb ra t\u00eb fik\u00ebt kur e pash\u00eb, ishte rritur shum\u00eb\u2026 (qan) M\u00eb ka p\u00ebrqafuar dhe n\u00eb momentin q\u00eb i kam th\u00ebn\u00eb: \u201cT\u00eb t\u00eb sjell\u00eb mami telefon q\u00eb t\u00eb flasim?\u201d- m\u00eb ka th\u00ebn\u00eb: \u201dJo se m\u00eb rreh babi\u201d. Vet\u00ebm kaq kam d\u00ebgjuar tek vajza. N\u00eb momentin q\u00eb kemi mbaruar k\u00ebt\u00eb bised\u00eb ka ardhur gjyshi i vajz\u00ebs dhe i ka th\u00ebn\u00eb p\u00ebrball\u00eb meje: \u201cKur t\u00eb vdes un\u00eb do ta takosh s\u00ebrish n\u00ebn\u00ebn\u201d. Vajza uli kok\u00ebn dhe qau, un\u00eb kam hyr\u00eb n\u00eb makin\u00eb se isha shum\u00eb e tronditur. Vet\u00ebm 5 minuta e pash\u00eb vajz\u00ebn.<\/p>\n<p>Gazetarja: Sipas fqinj\u00ebve q\u00eb kan\u00eb pranuar t\u00eb flasin p\u00ebr ngjarjen, kan\u00eb treguar se mungesa e n\u00ebn\u00ebs mund t\u00eb ket\u00eb ndikuar n\u00eb psikologjin\u00eb e vajz\u00ebs.<\/p>\n<p>Miranda Cani: Mua nuk m\u00eb lan\u00eb q\u00eb ta merrja vajz\u00ebn me vete? K\u00ebdo q\u00eb pyesja: \u201cSi \u00ebsht\u00eb vajza?\u201d- m\u00eb thonin q\u00eb: \u201cVajza \u00ebsht\u00eb mir\u00eb, shkon n\u00eb shkoll\u00eb\u201d. Po b\u00ebja \u00e7\u2019mos ta merrja me vete, nuk ma jepnin. M\u00ebrzitja m\u00eb e madhe q\u00eb vajza ime mund t\u00eb ket\u00eb patur ishte kur gjyshi i saj e k\u00ebrc\u00ebnoi n\u00eb pranin\u00eb time se nuk do m\u00eb takonte m\u00eb kurr\u00eb (qan) \u2026dhe keshtu ndodhi\u2026.<\/p>\n<p>Edhe pse kujdestarin\u00eb e t\u00eb bij\u00ebs gjykata ia hoqi, Miranda Cani kishte t\u00eb drejt\u00ebn e takimit \u00e7do muaj me t\u00eb bij\u00ebn, gj\u00eb e cila nuk ndodhi kurr\u00eb, pasi familja e ish-bashk\u00ebshortit e pengonte gjithmon\u00eb.<\/p>\n<p>Gazetarja: Pas divorcit, gjykata kujt ia kishte l\u00ebn\u00eb kujdestarin\u00eb e vajz\u00ebs?<\/p>\n<p>Miranda Cani: Gjykata n\u00eb nj\u00eb moment ma ka dh\u00ebn\u00eb mua t\u00eb drejt\u00ebn p\u00ebr ta mbajtur vajz\u00ebn, por p\u00ebrfundimtaren gjykat\u00ebsja ia ka kaluar ish-bashk\u00ebshortit. Kam patur t\u00eb drejt\u00eb takimi, por jo q\u00eb nuk ma lan\u00eb ta takoja por nuk ma lan\u00eb as t\u2019i flisja n\u00eb telefon. Sikur nj\u00eb her\u00eb t\u00eb ma kishin nxjerr\u00eb n\u00eb telefon\u2026 Ai baba nuk mund t\u00eb quhet prind. E kam l\u00ebn\u00eb vajz\u00ebn 6 vje\u00e7e, nuk ma ka nxjerr\u00eb nj\u00eb her\u00eb n\u00eb telefon. I kam shkruajtur nj\u00eb her\u00eb ish-burrit n\u00eb messenger. I kam th\u00ebn\u00eb: \u201cVet\u00ebm m\u00eb lidh nj\u00eb her\u00eb, t\u00eb flas n\u00eb telefon t\u00eb lutem\u201d- por ajo m\u00eb ka b\u00ebr\u00eb bllok. M\u00eb ka th\u00ebn\u00eb: \u201cL\u00ebre vajz\u00ebn t\u00eb qet\u00eb se \u00ebsht\u00eb mir\u00eb sepse do ta shkat\u00ebrrosh vajz\u00ebn n\u00ebqoft\u00ebse i flet\u201d- dhe pastaj m\u00eb ka b\u00ebr\u00eb bllok. Q\u00eb at\u00ebhere nuk kisha ku t\u00eb lidhesha m\u00eb me vajz\u00ebn.<\/p>\n<p>Pas kall\u00ebzimit t\u00eb b\u00ebr\u00eb n\u00eb Prokurorine e Kor\u00e7\u00ebs nga n\u00ebna e s\u00eb ndjer\u00ebs, kjo e fundit ka nisur tashm\u00eb hetimet, nd\u00ebrsa pritet n\u00eb dit\u00ebt n\u00eb vijim dhe dalja e autopsis\u00eb.<\/p>\n\n<div style=\"font-size: 0px; height: 0px; line-height: 0px; margin: 0; padding: 0; clear: both;\"><\/div>","protected":false},"excerpt":{"rendered":"<p>Miranda Cani, n\u00eb nj\u00eb lidhje telefonike nga Greqia ka treguar detaje mbi keqtrajtimin e t\u00eb bij\u00ebs nga i ati edhe pse n\u00eb trupin e saj nuk u&#8230; <\/p>\n","protected":false},"author":1,"featured_media":3552,"comment_status":"open","ping_status":"open","sticky":false,"template":"","format":"standard","meta":{"footnotes":""},"categories":[6],"tags":[],"class_list":["post-3551","post","type-post","status-publish","format-standard","has-post-thumbnail","hentry","category-lajme"],"_links":{"self":[{"href":"https:\/\/new.findnews5.com\/index.php?rest_route=\/wp\/v2\/posts\/3551","targetHints":{"allow":["GET"]}}],"collection":[{"href":"https:\/\/new.findnews5.com\/index.php?rest_route=\/wp\/v2\/posts"}],"about":[{"href":"https:\/\/new.findnews5.com\/index.php?rest_route=\/wp\/v2\/types\/post"}],"author":[{"embeddable":true,"href":"https:\/\/new.findnews5.com\/index.php?rest_route=\/wp\/v2\/users\/1"}],"replies":[{"embeddable":true,"href":"https:\/\/new.findnews5.com\/index.php?rest_route=%2Fwp%2Fv2%2Fcomments&post=3551"}],"version-history":[{"count":0,"href":"https:\/\/new.findnews5.com\/index.php?rest_route=\/wp\/v2\/posts\/3551\/revisions"}],"wp:featuredmedia":[{"embeddable":true,"href":"https:\/\/new.findnews5.com\/index.php?rest_route=\/wp\/v2\/media\/3552"}],"wp:attachment":[{"href":"https:\/\/new.findnews5.com\/index.php?rest_route=%2Fwp%2Fv2%2Fmedia&parent=3551"}],"wp:term":[{"taxonomy":"category","embeddable":true,"href":"https:\/\/new.findnews5.com\/index.php?rest_route=%2Fwp%2Fv2%2Fcategories&post=3551"},{"taxonomy":"post_tag","embeddable":true,"href":"https:\/\/new.findnews5.com\/index.php?rest_route=%2Fwp%2Fv2%2Ftags&post=3551"}],"curies":[{"name":"wp","href":"https:\/\/api.w.org\/{rel}","templated":true}]}}