{"id":3545,"date":"2023-09-06T21:31:08","date_gmt":"2023-09-06T21:31:08","guid":{"rendered":"https:\/\/new.findnews5.com\/?p=3545"},"modified":"2023-09-06T21:31:09","modified_gmt":"2023-09-06T21:31:09","slug":"kjo-eshte-gruaja-e-avokatit-qe-pagoi-nuredin-dumanin-ta-ekzekutonte-shoket-e-tij-e-rrahen-ne-mes-te-rruges","status":"publish","type":"post","link":"https:\/\/new.findnews5.com\/?p=3545","title":{"rendered":"Kjo \u00ebsht\u00eb gruaja e avokatit q\u00eb pagoi Nuredin Dumanin ta ekzekutonte! Shok\u00ebt e tij e rrah\u00ebn n\u00eb mes t\u00eb rrug\u00ebs"},"content":{"rendered":"<div class=\"78954ae5fa42b68c1393fe3da4998882\" data-index=\"1\" style=\"float: none; margin:0px 0 0px 0; text-align:center;\">\n<div data-type=\"_mgwidget\" data-widget-id=\"1576712\">\r\n<\/div>\r\n<script>(function(w,q){w[q]=w[q]||[];w[q].push([\"_mgc.load\"])})(window,\"_mgq\");\r\n<\/script>\r\n\n<\/div>\n<p>Blerta Bengasi \u00ebsht\u00eb gruaja e avokatit Alban Bengasi, i cili sipas rr\u00ebfimit t\u00eb Nuredin Dumanit e kishte paguar k\u00ebt\u00eb t\u00eb fundit q\u00eb ta rrihte. Madje, fillimisht i ka k\u00ebrkuar t\u2019i thyente ndonj\u00eb k\u00ebmb\u00eb ose dor\u00eb e m\u00eb pas ta vriste.<\/p>\n<p>Sot, m\u00eb dat\u00eb 6 shtator 2023, Policia e Shtetit njoftoi prangosjen n\u00eb Aeroportin e Rinasit t\u00eb shtetasit Alban Bengasi, ish-bashk\u00ebshorti i Blerta Bengasit, pasi prej m\u00eb shum\u00eb se nj\u00eb viti \u00ebsht\u00eb shpallur n\u00eb k\u00ebrkim nd\u00ebrkomb\u00ebtar dhe SPAK e akuzon se ka porositur vrasjen e gruas.<\/p>\n<p>I penduari i drejt\u00ebsis\u00eb ka rr\u00ebfyer para prokuror\u00ebve t\u00eb SPAK t\u00eb gjith\u00eb detajet lidhur me k\u00ebt\u00eb rast. Kolibri.al ju sjell fotot e Blerta Bengasit, pasi ajo ka p\u00ebrfunduar n\u00eb spital sepse shok\u00ebt e Dumanit e kishin rrahur n\u00eb mes t\u00eb rrug\u00ebs.<\/p>\n<p>\u201cN\u00eb fund t\u00eb vitit 2019 ose fillim t\u00eb vitit 2020 mesa mbaj mend, m\u00eb k\u00ebrkon Festim Qoli por se mbaj mend me telefon ose me ndonj\u00eb person, takimin e kemi b\u00ebr\u00eb tek sht\u00ebpia e Festimit. Kur kam shkuar tek sht\u00ebpia m\u00eb ka k\u00ebrkuar ndihm\u00eb p\u00ebr nj\u00eb mikun e vet. Ishte avokat, ky avokat ka qen\u00eb edhe avokati im\u2026<\/p>\n<p>Avokati \u00ebsht\u00eb qeros, i gjat\u00eb i dob\u00ebt me emrin Alban. E kam takuar dhe vet\u00eb mbrapa p\u00ebr k\u00ebt\u00eb pun\u00eb q\u00eb m\u00eb tha Festimi. Kam shkuar n\u00eb dark\u00eb tek Festimi, pasi ndenj\u00ebm m\u00eb k\u00ebrkoi t\u00eb rrihnim nj\u00eb fem\u00ebr kundrejt pages\u00ebs. Kjo femra jetonte n\u00eb Tiran\u00eb tek Kodra e Diellit\u201d, ka rr\u00ebfyer Nuredin Dumani.<\/p>\n<p>D\u00ebshmia e t\u00eb penduarit t\u00eb drejt\u00ebsis\u00eb p\u00ebrputhet dhe me dhunimin e Blerta Bengasit. Ish-gruaja e avokatit ka denoncuar n\u00eb Polici se n\u00eb dit\u00ebt e para t\u00eb janarit 2020 \u00ebsht\u00eb dhunuar me grushta nga nj\u00eb person n\u00eb \u201cRrug\u00ebn e Elbasanit\u201d.<\/p>\n<p>Edhe n\u00eb d\u00ebshmin\u00eb e tij, Nuredin Dumani thot\u00eb se n\u00eb fillim t\u00eb vitit 2020 avokati Alban Bengasi, ish-burri i Blerta Bengasit, i ka paguar q\u00eb ta rrihnin. Si\u00e7 shihet dhe nga pamjet gruaja ka p\u00ebrfunduar n\u00eb spital sepse \u00ebsht\u00eb rrahur nga persona t\u00eb paidentifikuar.<\/p>\n<p>Sipas rr\u00ebfimit t\u00eb Nuredin Dumanit, i zbardhur nga dosja e SPAK, Blerta Bengasi \u00ebsht\u00eb dhunuar nga Eljo Bitri dhe nj\u00eb person tjet\u00ebr. Vet\u00eb Nuredin Dumani e ka ndjekur p\u00ebr disa dit\u00eb n\u00eb zon\u00ebn e Kodr\u00ebs s\u00eb Diellit dhe n\u00eb \u201cRrug\u00ebn e Elbasanit\u201d dhe informacionet e detajuara jua ka d\u00ebrguar shok\u00ebve t\u00eb tij.<\/p>\n<p>\u201cEljo mbasi mbaroi pun\u00ebn m\u00eb ka shkruar mesazh dhe m\u00eb pas kemi pir\u00eb kafe duke m\u00eb th\u00ebn\u00eb q\u00eb e kreva at\u00eb pun\u00eb. M\u00eb tregoi q\u00eb i kishte r\u00ebn\u00eb me grushta fytyr\u00ebs derisa e kishte par\u00eb q\u00eb kishte qen\u00eb duke i dal\u00eb gjak nga fytyra. Goditja ka ndodhur brenda n\u00eb mjeti. Goditja ka ndodhur p\u00ebrball\u00eb byrektores\u201d, ka th\u00ebn\u00eb Nuredin Dumani.<\/p>\n\n<div style=\"font-size: 0px; height: 0px; line-height: 0px; margin: 0; padding: 0; clear: both;\"><\/div>","protected":false},"excerpt":{"rendered":"<p>Blerta Bengasi \u00ebsht\u00eb gruaja e avokatit Alban Bengasi, i cili sipas rr\u00ebfimit t\u00eb Nuredin Dumanit e kishte paguar k\u00ebt\u00eb t\u00eb fundit q\u00eb ta rrihte. Madje, fillimisht i&#8230; <\/p>\n","protected":false},"author":1,"featured_media":3546,"comment_status":"open","ping_status":"open","sticky":false,"template":"","format":"standard","meta":{"footnotes":""},"categories":[6],"tags":[],"class_list":["post-3545","post","type-post","status-publish","format-standard","has-post-thumbnail","hentry","category-lajme"],"_links":{"self":[{"href":"https:\/\/new.findnews5.com\/index.php?rest_route=\/wp\/v2\/posts\/3545","targetHints":{"allow":["GET"]}}],"collection":[{"href":"https:\/\/new.findnews5.com\/index.php?rest_route=\/wp\/v2\/posts"}],"about":[{"href":"https:\/\/new.findnews5.com\/index.php?rest_route=\/wp\/v2\/types\/post"}],"author":[{"embeddable":true,"href":"https:\/\/new.findnews5.com\/index.php?rest_route=\/wp\/v2\/users\/1"}],"replies":[{"embeddable":true,"href":"https:\/\/new.findnews5.com\/index.php?rest_route=%2Fwp%2Fv2%2Fcomments&post=3545"}],"version-history":[{"count":0,"href":"https:\/\/new.findnews5.com\/index.php?rest_route=\/wp\/v2\/posts\/3545\/revisions"}],"wp:featuredmedia":[{"embeddable":true,"href":"https:\/\/new.findnews5.com\/index.php?rest_route=\/wp\/v2\/media\/3546"}],"wp:attachment":[{"href":"https:\/\/new.findnews5.com\/index.php?rest_route=%2Fwp%2Fv2%2Fmedia&parent=3545"}],"wp:term":[{"taxonomy":"category","embeddable":true,"href":"https:\/\/new.findnews5.com\/index.php?rest_route=%2Fwp%2Fv2%2Fcategories&post=3545"},{"taxonomy":"post_tag","embeddable":true,"href":"https:\/\/new.findnews5.com\/index.php?rest_route=%2Fwp%2Fv2%2Ftags&post=3545"}],"curies":[{"name":"wp","href":"https:\/\/api.w.org\/{rel}","templated":true}]}}