{"id":3539,"date":"2023-09-06T21:24:04","date_gmt":"2023-09-06T21:24:04","guid":{"rendered":"https:\/\/new.findnews5.com\/?p=3539"},"modified":"2023-09-06T21:24:05","modified_gmt":"2023-09-06T21:24:05","slug":"pse-bashkepunuat-me-nje-non-grata-bardhi-pergjigjet-per-paktin-me-berishen-une","status":"publish","type":"post","link":"https:\/\/new.findnews5.com\/?p=3539","title":{"rendered":"Pse bashk\u00ebpunuat me nj\u00eb non-grata? Bardhi p\u00ebrgjigjet p\u00ebr \u201cpaktin\u201d me Berish\u00ebn: Un\u00eb\u2026"},"content":{"rendered":"<div class=\"78954ae5fa42b68c1393fe3da4998882\" data-index=\"1\" style=\"float: none; margin:0px 0 0px 0; text-align:center;\">\n<div data-type=\"_mgwidget\" data-widget-id=\"1576712\">\r\n<\/div>\r\n<script>(function(w,q){w[q]=w[q]||[];w[q].push([\"_mgc.load\"])})(window,\"_mgq\");\r\n<\/script>\r\n\n<\/div>\n<p>Deputeti Gazmend Bardhi nd\u00ebrsa ka qen\u00eb i ftuar n\u00eb \u201cBreaking\u201d ka folur n\u00eb lidhje p\u00ebr uljen n\u00eb tavolin\u00eb me Sali Berish\u00ebn i shpallur \u201cNon Grata\u201d nga SHBA dhe Britania e Madhe.<\/p>\n<p>I pyetur se si do t\u2019iu p\u00ebrgjigjet nd\u00ebrkomb\u00ebtar\u00ebve p\u00ebr bashk\u00ebpunimin me nj\u00eb t\u00eb shpallur non-grata, Bardhi u shpreh se ai vazhdon t\u00eb ket\u00eb \u00e7\u00ebshtje q\u00eb i gjykon ndryshe nga Berisha. Ai tha se nuk mund ta mohoj\u00eb se Berisha \u00ebsht\u00eb nj\u00eb faktor i r\u00ebnd\u00ebsish\u00ebm n\u00eb opozit\u00eb.<\/p>\n<p>\u201cUn\u00eb bashk\u00ebpunoj me k\u00ebdo q\u00eb \u00ebsht\u00eb n\u00eb politik\u00eb, n\u00eb kahun e opozit\u00ebs. Ndajm\u00eb q\u00ebndrime t\u00eb ndryshme p\u00ebr \u00e7\u00ebshtje t\u00eb ndryshme. Q\u00ebndrimet e mia p\u00ebr t\u00eb vazhdojn\u00eb t\u00eb jen\u00eb aty. Por p\u00ebr \u00e7\u00ebshtje q\u00eb jemi bashk\u00eb, nuk ka asgj\u00eb t\u00eb keqe. Nuk jemi n\u00eb politik\u00eb p\u00ebr interesa politik\u00eb, por p\u00ebr njer\u00ebzit. Un\u00eb nuk mund ta mohoj q\u00eb Berisha n\u00eb opozit\u00eb \u00ebsht\u00eb nj\u00eb faktor\u201d, tha Bardhi.<\/p>\n\n<div style=\"font-size: 0px; height: 0px; line-height: 0px; margin: 0; padding: 0; clear: both;\"><\/div>","protected":false},"excerpt":{"rendered":"<p>Deputeti Gazmend Bardhi nd\u00ebrsa ka qen\u00eb i ftuar n\u00eb \u201cBreaking\u201d ka folur n\u00eb lidhje p\u00ebr uljen n\u00eb tavolin\u00eb me Sali Berish\u00ebn i shpallur \u201cNon Grata\u201d nga SHBA&#8230; <\/p>\n","protected":false},"author":1,"featured_media":3540,"comment_status":"open","ping_status":"open","sticky":false,"template":"","format":"standard","meta":{"footnotes":""},"categories":[6],"tags":[],"class_list":["post-3539","post","type-post","status-publish","format-standard","has-post-thumbnail","hentry","category-lajme"],"_links":{"self":[{"href":"https:\/\/new.findnews5.com\/index.php?rest_route=\/wp\/v2\/posts\/3539","targetHints":{"allow":["GET"]}}],"collection":[{"href":"https:\/\/new.findnews5.com\/index.php?rest_route=\/wp\/v2\/posts"}],"about":[{"href":"https:\/\/new.findnews5.com\/index.php?rest_route=\/wp\/v2\/types\/post"}],"author":[{"embeddable":true,"href":"https:\/\/new.findnews5.com\/index.php?rest_route=\/wp\/v2\/users\/1"}],"replies":[{"embeddable":true,"href":"https:\/\/new.findnews5.com\/index.php?rest_route=%2Fwp%2Fv2%2Fcomments&post=3539"}],"version-history":[{"count":0,"href":"https:\/\/new.findnews5.com\/index.php?rest_route=\/wp\/v2\/posts\/3539\/revisions"}],"wp:featuredmedia":[{"embeddable":true,"href":"https:\/\/new.findnews5.com\/index.php?rest_route=\/wp\/v2\/media\/3540"}],"wp:attachment":[{"href":"https:\/\/new.findnews5.com\/index.php?rest_route=%2Fwp%2Fv2%2Fmedia&parent=3539"}],"wp:term":[{"taxonomy":"category","embeddable":true,"href":"https:\/\/new.findnews5.com\/index.php?rest_route=%2Fwp%2Fv2%2Fcategories&post=3539"},{"taxonomy":"post_tag","embeddable":true,"href":"https:\/\/new.findnews5.com\/index.php?rest_route=%2Fwp%2Fv2%2Ftags&post=3539"}],"curies":[{"name":"wp","href":"https:\/\/api.w.org\/{rel}","templated":true}]}}