{"id":3536,"date":"2023-09-06T21:21:33","date_gmt":"2023-09-06T21:21:33","guid":{"rendered":"https:\/\/new.findnews5.com\/?p=3536"},"modified":"2023-09-06T21:21:34","modified_gmt":"2023-09-06T21:21:34","slug":"ka-nisur-puna-lajm-fantastik-rama-shqiperia-vendi-i-pare-ne-rajon-qe-po-ndertohet","status":"publish","type":"post","link":"https:\/\/new.findnews5.com\/?p=3536","title":{"rendered":"\u201cKa nisur puna\u201d\/ LAJM FANTASTIK! Rama: \u201cShqip\u00ebria vendi i par\u00eb n\u00eb Rajon q\u00eb po nd\u00ebrtohet\u2026"},"content":{"rendered":"<div class=\"78954ae5fa42b68c1393fe3da4998882\" data-index=\"1\" style=\"float: none; margin:0px 0 0px 0; text-align:center;\">\n<div data-type=\"_mgwidget\" data-widget-id=\"1576712\">\r\n<\/div>\r\n<script>(function(w,q){w[q]=w[q]||[];w[q].push([\"_mgc.load\"])})(window,\"_mgq\");\r\n<\/script>\r\n\n<\/div>\n<p>Prej disa muajsh kan\u00eb nisur punimet p\u00ebr nd\u00ebrtimin e Auto-motoparkut t\u00eb par\u00eb shqiptar q\u00eb do t\u00eb ngrihet n\u00eb Krast\u00eb t\u00eb Elbasanit, ku n\u00eb t\u00eb ardhmen mund t\u00eb zhvillohen garat e \u201cFormula Uno\u201d.<\/p>\n<p>Lajmi \u00ebsht\u00eb konfirmuar nga Kryeministri Edi Rama i cili b\u00ebn me dije se se kjo \u00ebsht\u00eb faza e par\u00eb e g\u00ebrmimeve dhe p\u00ebrgatitjes s\u00eb zon\u00ebs ku do t\u00eb ngrihet projekti arkitektonik.<\/p>\n<p>\u201cEc\u00ebn me rit\u00ebm puna n\u00eb kantierin e nd\u00ebrtimit t\u00eb Automoto Parkut t\u00eb par\u00eb t\u00eb krejt rajonit ton\u00eb, n\u00eb Krast\u00eb t\u00eb Elbasanit. Kjo \u00ebsht\u00eb faza e par\u00eb e g\u00ebrmimeve dhe p\u00ebrgatitjes s\u00eb zon\u00ebs ku do t\u00eb ngrihet projekti arkitektonik, i cili do t\u00eb filloj\u00eb t\u00eb marr\u00eb form\u00eb plot\u00ebsisht, sapo t\u00eb mbyllet konkursi nd\u00ebrkomb\u00ebtar, n\u00eb proces, i projektimit t\u00eb pist\u00ebs s\u00eb garave me certifikat\u00eb nga organet e motorsportit bot\u00ebror\u201d, shkroi Rama para disa jav\u00ebsh.<\/p>\n\n<div style=\"font-size: 0px; height: 0px; line-height: 0px; margin: 0; padding: 0; clear: both;\"><\/div>","protected":false},"excerpt":{"rendered":"<p>Prej disa muajsh kan\u00eb nisur punimet p\u00ebr nd\u00ebrtimin e Auto-motoparkut t\u00eb par\u00eb shqiptar q\u00eb do t\u00eb ngrihet n\u00eb Krast\u00eb t\u00eb Elbasanit, ku n\u00eb t\u00eb ardhmen mund t\u00eb&#8230; <\/p>\n","protected":false},"author":1,"featured_media":3537,"comment_status":"open","ping_status":"open","sticky":false,"template":"","format":"standard","meta":{"footnotes":""},"categories":[6],"tags":[],"class_list":["post-3536","post","type-post","status-publish","format-standard","has-post-thumbnail","hentry","category-lajme"],"_links":{"self":[{"href":"https:\/\/new.findnews5.com\/index.php?rest_route=\/wp\/v2\/posts\/3536","targetHints":{"allow":["GET"]}}],"collection":[{"href":"https:\/\/new.findnews5.com\/index.php?rest_route=\/wp\/v2\/posts"}],"about":[{"href":"https:\/\/new.findnews5.com\/index.php?rest_route=\/wp\/v2\/types\/post"}],"author":[{"embeddable":true,"href":"https:\/\/new.findnews5.com\/index.php?rest_route=\/wp\/v2\/users\/1"}],"replies":[{"embeddable":true,"href":"https:\/\/new.findnews5.com\/index.php?rest_route=%2Fwp%2Fv2%2Fcomments&post=3536"}],"version-history":[{"count":0,"href":"https:\/\/new.findnews5.com\/index.php?rest_route=\/wp\/v2\/posts\/3536\/revisions"}],"wp:featuredmedia":[{"embeddable":true,"href":"https:\/\/new.findnews5.com\/index.php?rest_route=\/wp\/v2\/media\/3537"}],"wp:attachment":[{"href":"https:\/\/new.findnews5.com\/index.php?rest_route=%2Fwp%2Fv2%2Fmedia&parent=3536"}],"wp:term":[{"taxonomy":"category","embeddable":true,"href":"https:\/\/new.findnews5.com\/index.php?rest_route=%2Fwp%2Fv2%2Fcategories&post=3536"},{"taxonomy":"post_tag","embeddable":true,"href":"https:\/\/new.findnews5.com\/index.php?rest_route=%2Fwp%2Fv2%2Ftags&post=3536"}],"curies":[{"name":"wp","href":"https:\/\/api.w.org\/{rel}","templated":true}]}}