{"id":3523,"date":"2023-09-06T21:05:23","date_gmt":"2023-09-06T21:05:23","guid":{"rendered":"https:\/\/new.findnews5.com\/?p=3523"},"modified":"2023-09-06T21:05:24","modified_gmt":"2023-09-06T21:05:24","slug":"2-te-vdekur-5-te-zhdukur-pas-permbytjeve-qe-goditen-turqine-veriperendimore","status":"publish","type":"post","link":"https:\/\/new.findnews5.com\/?p=3523","title":{"rendered":"2 t\u00eb vdekur, 5 t\u00eb zhdukur pas p\u00ebrmbytjeve q\u00eb godit\u00ebn Turqin\u00eb veriper\u00ebndimore"},"content":{"rendered":"<div class=\"78954ae5fa42b68c1393fe3da4998882\" data-index=\"1\" style=\"float: none; margin:0px 0 0px 0; text-align:center;\">\n<div data-type=\"_mgwidget\" data-widget-id=\"1576712\">\r\n<\/div>\r\n<script>(function(w,q){w[q]=w[q]||[];w[q].push([\"_mgc.load\"])})(window,\"_mgq\");\r\n<\/script>\r\n\n<\/div>\n<p>T\u00eb pakt\u00ebn dy persona vdiq\u00ebn dhe pes\u00eb u zhduk\u00ebn n\u00eb provinc\u00ebn veriper\u00ebndimore t\u00eb Turqis\u00eb, Kirklareli, pasi p\u00ebrmbytjet e m\u00ebdha godit\u00ebn zon\u00ebn, tha agjencia qeveritare e fatkeq\u00ebsive.<\/p>\n<p>Ekipet nga Autoriteti i Menaxhimit t\u00eb Fatkeq\u00ebsive dhe Emergjencave (AFAD) kan\u00eb shp\u00ebtuar gjasht\u00eb persona dhe kan\u00eb gjetur dy trupa n\u00eb qytetin e Igneada, tha agjencia n\u00eb nj\u00eb postim n\u00eb X, nj\u00eb platform\u00eb sociale e njohur m\u00eb par\u00eb si Twitter.<\/p>\n<p>Po kryhen k\u00ebrkimet p\u00ebr gjetjen e pes\u00eb shtetasve t\u00eb zhdukur, shtoi AFAD.<\/p>\n<p>P\u00ebrrenjt\u00eb u v\u00ebrshuan dhe disa rrug\u00eb u bllokuan pasi shirat e dendur godit\u00ebn rajonin, sipas transmetuesit NTV.<\/p>\n<p>Igneada \u00ebsht\u00eb nj\u00eb destinacion popullor n\u00eb bregun e Detit t\u00eb Zi dhe \u00ebsht\u00eb sht\u00ebpia e pyjeve t\u00eb njohura t\u00eb p\u00ebrmbytjeve t\u00eb vendit.<\/p>\n\n<div style=\"font-size: 0px; height: 0px; line-height: 0px; margin: 0; padding: 0; clear: both;\"><\/div>","protected":false},"excerpt":{"rendered":"<p>T\u00eb pakt\u00ebn dy persona vdiq\u00ebn dhe pes\u00eb u zhduk\u00ebn n\u00eb provinc\u00ebn veriper\u00ebndimore t\u00eb Turqis\u00eb, Kirklareli, pasi p\u00ebrmbytjet e m\u00ebdha godit\u00ebn zon\u00ebn, tha agjencia qeveritare e fatkeq\u00ebsive. Ekipet&#8230; <\/p>\n","protected":false},"author":1,"featured_media":3524,"comment_status":"open","ping_status":"open","sticky":false,"template":"","format":"standard","meta":{"footnotes":""},"categories":[6],"tags":[],"class_list":["post-3523","post","type-post","status-publish","format-standard","has-post-thumbnail","hentry","category-lajme"],"_links":{"self":[{"href":"https:\/\/new.findnews5.com\/index.php?rest_route=\/wp\/v2\/posts\/3523","targetHints":{"allow":["GET"]}}],"collection":[{"href":"https:\/\/new.findnews5.com\/index.php?rest_route=\/wp\/v2\/posts"}],"about":[{"href":"https:\/\/new.findnews5.com\/index.php?rest_route=\/wp\/v2\/types\/post"}],"author":[{"embeddable":true,"href":"https:\/\/new.findnews5.com\/index.php?rest_route=\/wp\/v2\/users\/1"}],"replies":[{"embeddable":true,"href":"https:\/\/new.findnews5.com\/index.php?rest_route=%2Fwp%2Fv2%2Fcomments&post=3523"}],"version-history":[{"count":0,"href":"https:\/\/new.findnews5.com\/index.php?rest_route=\/wp\/v2\/posts\/3523\/revisions"}],"wp:featuredmedia":[{"embeddable":true,"href":"https:\/\/new.findnews5.com\/index.php?rest_route=\/wp\/v2\/media\/3524"}],"wp:attachment":[{"href":"https:\/\/new.findnews5.com\/index.php?rest_route=%2Fwp%2Fv2%2Fmedia&parent=3523"}],"wp:term":[{"taxonomy":"category","embeddable":true,"href":"https:\/\/new.findnews5.com\/index.php?rest_route=%2Fwp%2Fv2%2Fcategories&post=3523"},{"taxonomy":"post_tag","embeddable":true,"href":"https:\/\/new.findnews5.com\/index.php?rest_route=%2Fwp%2Fv2%2Ftags&post=3523"}],"curies":[{"name":"wp","href":"https:\/\/api.w.org\/{rel}","templated":true}]}}