{"id":3516,"date":"2023-09-06T17:56:27","date_gmt":"2023-09-06T17:56:27","guid":{"rendered":"https:\/\/new.findnews5.com\/?p=3516"},"modified":"2023-09-06T17:56:30","modified_gmt":"2023-09-06T17:56:30","slug":"drejtori-i-gjimnazit-ne-gjakove-ia-ndalon-vajzes-me-shami-te-shkoje-ne-shkolle","status":"publish","type":"post","link":"https:\/\/new.findnews5.com\/?p=3516","title":{"rendered":"Drejtori i gjimnazit n\u00eb Gjakov\u00eb ia ndalon vajz\u00ebs me shami t\u00eb shkoj\u00eb n\u00eb shkoll\u00eb"},"content":{"rendered":"<div class=\"78954ae5fa42b68c1393fe3da4998882\" data-index=\"1\" style=\"float: none; margin:0px 0 0px 0; text-align:center;\">\n<div data-type=\"_mgwidget\" data-widget-id=\"1576712\">\r\n<\/div>\r\n<script>(function(w,q){w[q]=w[q]||[];w[q].push([\"_mgc.load\"])})(window,\"_mgq\");\r\n<\/script>\r\n\n<\/div>\n<p>N\u00eb gjimnazin \u201cHajdar Dushi\u201d n\u00eb Gjakov\u00eb nj\u00eb vajz\u00eb me shami nuk u lejua t\u00eb vazhdoj\u00eb m\u00ebsimin qysh n\u00eb dit\u00ebn e par\u00eb t\u00eb shkoll\u00ebs p\u00ebrshkak t\u00eb shamis\u00eb.<\/p>\n<p>S.H \u00ebsht\u00eb thirrur nga drejtori i shkoll\u00ebs Bedri Cahani dhe i \u00ebsht\u00eb th\u00ebn\u00eb se nuk mund t\u00eb vazhdoj\u00eb m\u00ebsmimin p\u00ebrshkak t\u00eb shamis\u00eb, thon\u00eb burimet e RTI-s\u00eb.<\/p>\n<p>RTI merr vesh se Ardian Gjini, i pari i Gjakov\u00ebs ka premtuar se vajza do t\u00eb kthehet n\u00eb bankat e shkoll\u00ebs k\u00ebt\u00eb Enjte.<\/p>\n<p>Vajza \u00ebsht\u00eb duke humbur dit\u00ebn e tret\u00eb t\u00eb m\u00ebsimit p\u00ebrshkak t\u00eb UDH\u00caZIMI ADMINISTRATIV i i cili ishte vendosur nga ish-ministri i arsimit, Enver Hoxhaj.\/RTI<\/p>\n\n<div style=\"font-size: 0px; height: 0px; line-height: 0px; margin: 0; padding: 0; clear: both;\"><\/div>","protected":false},"excerpt":{"rendered":"<p>N\u00eb gjimnazin \u201cHajdar Dushi\u201d n\u00eb Gjakov\u00eb nj\u00eb vajz\u00eb me shami nuk u lejua t\u00eb vazhdoj\u00eb m\u00ebsimin qysh n\u00eb dit\u00ebn e par\u00eb t\u00eb shkoll\u00ebs p\u00ebrshkak t\u00eb shamis\u00eb. S.H&#8230; <\/p>\n","protected":false},"author":1,"featured_media":3517,"comment_status":"open","ping_status":"open","sticky":false,"template":"","format":"standard","meta":{"footnotes":""},"categories":[6],"tags":[],"class_list":["post-3516","post","type-post","status-publish","format-standard","has-post-thumbnail","hentry","category-lajme"],"_links":{"self":[{"href":"https:\/\/new.findnews5.com\/index.php?rest_route=\/wp\/v2\/posts\/3516","targetHints":{"allow":["GET"]}}],"collection":[{"href":"https:\/\/new.findnews5.com\/index.php?rest_route=\/wp\/v2\/posts"}],"about":[{"href":"https:\/\/new.findnews5.com\/index.php?rest_route=\/wp\/v2\/types\/post"}],"author":[{"embeddable":true,"href":"https:\/\/new.findnews5.com\/index.php?rest_route=\/wp\/v2\/users\/1"}],"replies":[{"embeddable":true,"href":"https:\/\/new.findnews5.com\/index.php?rest_route=%2Fwp%2Fv2%2Fcomments&post=3516"}],"version-history":[{"count":0,"href":"https:\/\/new.findnews5.com\/index.php?rest_route=\/wp\/v2\/posts\/3516\/revisions"}],"wp:featuredmedia":[{"embeddable":true,"href":"https:\/\/new.findnews5.com\/index.php?rest_route=\/wp\/v2\/media\/3517"}],"wp:attachment":[{"href":"https:\/\/new.findnews5.com\/index.php?rest_route=%2Fwp%2Fv2%2Fmedia&parent=3516"}],"wp:term":[{"taxonomy":"category","embeddable":true,"href":"https:\/\/new.findnews5.com\/index.php?rest_route=%2Fwp%2Fv2%2Fcategories&post=3516"},{"taxonomy":"post_tag","embeddable":true,"href":"https:\/\/new.findnews5.com\/index.php?rest_route=%2Fwp%2Fv2%2Ftags&post=3516"}],"curies":[{"name":"wp","href":"https:\/\/api.w.org\/{rel}","templated":true}]}}