{"id":3500,"date":"2023-09-05T22:50:12","date_gmt":"2023-09-05T22:50:12","guid":{"rendered":"https:\/\/new.findnews5.com\/?p=3500"},"modified":"2023-09-05T22:50:13","modified_gmt":"2023-09-05T22:50:13","slug":"rita-ora-nuk-permbahet-e-puth-bashkeshortin-edhe-ne-publik","status":"publish","type":"post","link":"https:\/\/new.findnews5.com\/?p=3500","title":{"rendered":"Rita Ora nuk p\u00ebrmbahet, e puth bashk\u00ebshortin edhe n\u00eb publik"},"content":{"rendered":"<div class=\"78954ae5fa42b68c1393fe3da4998882\" data-index=\"1\" style=\"float: none; margin:0px 0 0px 0; text-align:center;\">\n<div data-type=\"_mgwidget\" data-widget-id=\"1576712\">\r\n<\/div>\r\n<script>(function(w,q){w[q]=w[q]||[];w[q].push([\"_mgc.load\"])})(window,\"_mgq\");\r\n<\/script>\r\n\n<\/div>\n<p>Pjes\u00ebmarrja e Rita Or\u00ebs n\u00eb festivalin e filmit n\u00eb Kan\u00eb i ka k\u00ebnaqur t\u00eb gjith\u00eb fansat e saj.<\/p>\n<p>Bukuroshja ra n\u00eb qend\u00ebr t\u00eb v\u00ebmendjes teksa e puthi bashk\u00ebshortin Taika Waititi n\u00eb faqe, para se t\u00eb dilte n\u00eb sken\u00eb, transmeton Indeksonline.<\/p>\n<p><img loading=\"lazy\" decoding=\"async\" class=\"alignnone size-medium wp-image-3502\" src=\"http:\/\/new.findnews5.com\/wp-content\/uploads\/2023\/09\/pq-300x200.jpg\" alt=\"\" width=\"300\" height=\"200\" srcset=\"https:\/\/new.findnews5.com\/wp-content\/uploads\/2023\/09\/pq-300x200.jpg 300w, https:\/\/new.findnews5.com\/wp-content\/uploads\/2023\/09\/pq.jpg 634w\" sizes=\"auto, (max-width: 300px) 100vw, 300px\" \/><\/p>\n<p>32 vje\u00e7arja dhe 48 vje\u00e7ari dukeshin t\u00eb dashuruar teksa u kap\u00ebn n\u00eb k\u00ebt\u00eb moment t\u00eb \u00ebmb\u00ebl.<\/p>\n<p>M\u00eb von\u00eb, kantautorja dukej fantastike e veshur me fustan t\u00eb bardh\u00eb teksa doli n\u00eb sken\u00eb p\u00ebr t\u00eb performuar.<\/p>\n<p>Rita dukej sensacionale n\u00eb fustan t\u00eb bardh duke shfaqur linjat perfekte trupore.<\/p>\n<p>T\u00eb pranishme n\u00eb k\u00ebt\u00eb event ishin edhe e \u00ebma Vera dhe motra Elena.\/Indeksonline\/<\/p>\n\n<div style=\"font-size: 0px; height: 0px; line-height: 0px; margin: 0; padding: 0; clear: both;\"><\/div>","protected":false},"excerpt":{"rendered":"<p>Pjes\u00ebmarrja e Rita Or\u00ebs n\u00eb festivalin e filmit n\u00eb Kan\u00eb i ka k\u00ebnaqur t\u00eb gjith\u00eb fansat e saj. Bukuroshja ra n\u00eb qend\u00ebr t\u00eb v\u00ebmendjes teksa e puthi&#8230; <\/p>\n","protected":false},"author":1,"featured_media":3501,"comment_status":"open","ping_status":"open","sticky":false,"template":"","format":"standard","meta":{"footnotes":""},"categories":[6],"tags":[],"class_list":["post-3500","post","type-post","status-publish","format-standard","has-post-thumbnail","hentry","category-lajme"],"_links":{"self":[{"href":"https:\/\/new.findnews5.com\/index.php?rest_route=\/wp\/v2\/posts\/3500","targetHints":{"allow":["GET"]}}],"collection":[{"href":"https:\/\/new.findnews5.com\/index.php?rest_route=\/wp\/v2\/posts"}],"about":[{"href":"https:\/\/new.findnews5.com\/index.php?rest_route=\/wp\/v2\/types\/post"}],"author":[{"embeddable":true,"href":"https:\/\/new.findnews5.com\/index.php?rest_route=\/wp\/v2\/users\/1"}],"replies":[{"embeddable":true,"href":"https:\/\/new.findnews5.com\/index.php?rest_route=%2Fwp%2Fv2%2Fcomments&post=3500"}],"version-history":[{"count":0,"href":"https:\/\/new.findnews5.com\/index.php?rest_route=\/wp\/v2\/posts\/3500\/revisions"}],"wp:featuredmedia":[{"embeddable":true,"href":"https:\/\/new.findnews5.com\/index.php?rest_route=\/wp\/v2\/media\/3501"}],"wp:attachment":[{"href":"https:\/\/new.findnews5.com\/index.php?rest_route=%2Fwp%2Fv2%2Fmedia&parent=3500"}],"wp:term":[{"taxonomy":"category","embeddable":true,"href":"https:\/\/new.findnews5.com\/index.php?rest_route=%2Fwp%2Fv2%2Fcategories&post=3500"},{"taxonomy":"post_tag","embeddable":true,"href":"https:\/\/new.findnews5.com\/index.php?rest_route=%2Fwp%2Fv2%2Ftags&post=3500"}],"curies":[{"name":"wp","href":"https:\/\/api.w.org\/{rel}","templated":true}]}}