{"id":3496,"date":"2023-09-05T22:43:56","date_gmt":"2023-09-05T22:43:56","guid":{"rendered":"https:\/\/new.findnews5.com\/?p=3496"},"modified":"2023-09-05T22:43:57","modified_gmt":"2023-09-05T22:43:57","slug":"hashim-thaci-nga-haga-dergon-selam-per-vellain-e-tij-edi-ramen","status":"publish","type":"post","link":"https:\/\/new.findnews5.com\/?p=3496","title":{"rendered":"Hashim Tha\u00e7i nga Haga d\u00ebrgon selam p\u00ebr v\u00ebllain e tij Edi Ram\u00ebn"},"content":{"rendered":"<div class=\"78954ae5fa42b68c1393fe3da4998882\" data-index=\"1\" style=\"float: none; margin:0px 0 0px 0; text-align:center;\">\n<div data-type=\"_mgwidget\" data-widget-id=\"1576712\">\r\n<\/div>\r\n<script>(function(w,q){w[q]=w[q]||[];w[q].push([\"_mgc.load\"])})(window,\"_mgq\");\r\n<\/script>\r\n\n<\/div>\n<p>Hashim Tha\u00e7i, ish-Presidenti i Kosov\u00ebs, ka dh\u00ebn\u00eb nj\u00eb intervist\u00eb ekskluzive p\u00ebr gazet\u00ebn \u201cNacionale\u201d, ku ai flet p\u00ebr veten, familjen, si dhe t\u00eb tashmen dhe t\u00eb ardhmen e Kosov\u00ebs.<\/p>\n<p>Ai n\u00eb k\u00ebt\u00eb intervist\u00eb po ashtu ka folur edhe p\u00ebr kryeministrin Shqip\u00ebris\u00eb , Edi Rama. I pyetur p\u00ebr marr\u00ebdh\u00ebniet e tij me kreun e qeveris\u00eb shqiptare, nd\u00ebr t\u00eb tjera, Tha\u00e7i ka rr\u00ebfyer edhe vizit\u00ebn e Ram\u00ebs tek ai n\u00eb Hag\u00eb.<\/p>\n<p>Ai tregoi se n\u00eb Ram\u00ebn kishte nj\u00eb bised\u00eb t\u00eb ngroht\u00eb dhe v\u00ebllaz\u00ebrore, jasht\u00eb kontekstit politik dhe procesit gjyq\u00ebsor.<\/p>\n<p>Tha\u00e7i shprehu respektin dhe admirimin e tij p\u00ebr kryeministrin shqiptar dhe angazhimin e tij n\u00eb rrug\u00ebn drejt an\u00ebtar\u00ebsimit t\u00eb Shqip\u00ebris\u00eb n\u00eb Bashkimin Evropian.<\/p>\n<p>\u201cKur erdh\u00ebm n\u00eb Hag\u00eb, si pasoj\u00eb e masave anti-Covid, i kaluam pa asnj\u00eb kontakt fizik rreth 9 muaj, madje as me familje. Nuk ishte e leht\u00eb. Vizita e Edit ndodhi n\u00eb vend dhe rrethana t\u00eb jasht\u00ebzakonshme e t\u00eb paimagjinueshme, p\u00ebrtej politik\u00ebs dhe procesit gjyq\u00ebsor, bised\u00eb krejt v\u00ebllaz\u00ebrore. M\u00eb kishte marr\u00eb malli. Edi lufton dhe zakonisht fiton n\u00eb kauz\u00ebn q\u00eb beson, \u00ebsht\u00eb impresionuese se si ai po vazhdon t\u00eb nd\u00ebrtoj\u00eb dhe afirmoj\u00eb Shqip\u00ebrin\u00eb evropiane.U g\u00ebzova shum\u00eb q\u00eb, pas autorizimit t\u00eb shefit t\u00eb paraburgimit, pranova librat q\u00eb Edi m\u00eb kishte sjell\u00eb n\u00eb objektin e paraburgimit t\u00eb DHSK. Si zakonisht, ishte me plot humor t\u00eb mir\u00eb. Por, kur u ndam\u00eb, e ndjeva se u emocionua shum\u00eb, por gjithmon\u00eb me besim p\u00ebr t\u00eb ardhmen m\u00eb t\u00eb mir\u00eb dhe m\u00eb t\u00eb sigurt, p\u00ebrtej hap\u00ebsir\u00ebs ku q\u00ebndruam duke pir\u00eb kafe rreth dy or\u00eb.Ne besojm\u00eb n\u00eb drejt\u00ebsi, n\u00eb t\u00eb v\u00ebrtet\u00ebn dhe transparenc\u00ebn. Qytetar\u00ebt e Kosov\u00ebs jan\u00eb t\u00eb etur t\u00eb shohin dhe t\u00eb d\u00ebgjojn\u00eb t\u00eb v\u00ebrtet\u00ebn. Jo t\u00eb cunguar, apo t\u00eb nj\u00ebanshme. Kosova dhe qytetar\u00ebt e saj besojn\u00eb n\u00eb parimet e drejt\u00ebsis\u00eb moderne, t\u00eb cilat i ka p\u00ebrfshir\u00eb dhe i respekton edhe me kushtetut\u00eb dhe ligje shtet\u00ebrore. Drejt\u00ebsi q\u00eb respekton standardet bashk\u00ebkohore, e shpejt\u00eb dhe efikase. Drejt\u00ebsi q\u00eb e fiton legjitimitetin e brendsh\u00ebm. Kosova ka vuajtur shum\u00eb nga padrejt\u00ebsia. Kosova ka ecur p\u00ebrpara vet\u00ebm duke i respektuar parimet e liris\u00eb, drejt\u00ebsis\u00eb dhe demokracis\u00eb\u201d, ka shkruar Tha\u00e7i.<\/p>\n\n<div style=\"font-size: 0px; height: 0px; line-height: 0px; margin: 0; padding: 0; clear: both;\"><\/div>","protected":false},"excerpt":{"rendered":"<p>Hashim Tha\u00e7i, ish-Presidenti i Kosov\u00ebs, ka dh\u00ebn\u00eb nj\u00eb intervist\u00eb ekskluzive p\u00ebr gazet\u00ebn \u201cNacionale\u201d, ku ai flet p\u00ebr veten, familjen, si dhe t\u00eb tashmen dhe t\u00eb ardhmen e&#8230; <\/p>\n","protected":false},"author":1,"featured_media":3497,"comment_status":"open","ping_status":"open","sticky":false,"template":"","format":"standard","meta":{"footnotes":""},"categories":[6],"tags":[],"class_list":["post-3496","post","type-post","status-publish","format-standard","has-post-thumbnail","hentry","category-lajme"],"_links":{"self":[{"href":"https:\/\/new.findnews5.com\/index.php?rest_route=\/wp\/v2\/posts\/3496","targetHints":{"allow":["GET"]}}],"collection":[{"href":"https:\/\/new.findnews5.com\/index.php?rest_route=\/wp\/v2\/posts"}],"about":[{"href":"https:\/\/new.findnews5.com\/index.php?rest_route=\/wp\/v2\/types\/post"}],"author":[{"embeddable":true,"href":"https:\/\/new.findnews5.com\/index.php?rest_route=\/wp\/v2\/users\/1"}],"replies":[{"embeddable":true,"href":"https:\/\/new.findnews5.com\/index.php?rest_route=%2Fwp%2Fv2%2Fcomments&post=3496"}],"version-history":[{"count":0,"href":"https:\/\/new.findnews5.com\/index.php?rest_route=\/wp\/v2\/posts\/3496\/revisions"}],"wp:featuredmedia":[{"embeddable":true,"href":"https:\/\/new.findnews5.com\/index.php?rest_route=\/wp\/v2\/media\/3497"}],"wp:attachment":[{"href":"https:\/\/new.findnews5.com\/index.php?rest_route=%2Fwp%2Fv2%2Fmedia&parent=3496"}],"wp:term":[{"taxonomy":"category","embeddable":true,"href":"https:\/\/new.findnews5.com\/index.php?rest_route=%2Fwp%2Fv2%2Fcategories&post=3496"},{"taxonomy":"post_tag","embeddable":true,"href":"https:\/\/new.findnews5.com\/index.php?rest_route=%2Fwp%2Fv2%2Ftags&post=3496"}],"curies":[{"name":"wp","href":"https:\/\/api.w.org\/{rel}","templated":true}]}}