{"id":3481,"date":"2023-09-05T22:24:39","date_gmt":"2023-09-05T22:24:39","guid":{"rendered":"https:\/\/new.findnews5.com\/?p=3481"},"modified":"2023-09-05T22:24:40","modified_gmt":"2023-09-05T22:24:40","slug":"do-habiteni-askush-nuk-e-paska-ditur-ky-kengetar-qenka-vellai-i-alban-skenderaj","status":"publish","type":"post","link":"https:\/\/new.findnews5.com\/?p=3481","title":{"rendered":"DO HABITENI! Askush nuk e paska ditur, ky KENGETAR QENKA VELLAI I Alban Sk\u00ebnderaj"},"content":{"rendered":"<div class=\"78954ae5fa42b68c1393fe3da4998882\" data-index=\"1\" style=\"float: none; margin:0px 0 0px 0; text-align:center;\">\n<div data-type=\"_mgwidget\" data-widget-id=\"1576712\">\r\n<\/div>\r\n<script>(function(w,q){w[q]=w[q]||[];w[q].push([\"_mgc.load\"])})(window,\"_mgq\");\r\n<\/script>\r\n\n<\/div>\n<p>Alban Sk\u00ebnderaj \u00ebsht\u00eb nj\u00eb nga k\u00ebng\u00ebtar\u00ebt m\u00eb t\u00eb njohur shqiptar\u00eb dhe mjaft i suksessh\u00ebm.<\/p>\n<p>Mir\u00ebpo, duket se paskemi ditur fare pak p\u00ebr familjen e tij dhe k\u00ebtu nuk flasim p\u00ebr Miriamin dhe vajz\u00ebn e tyre, t\u00eb cil\u00ebt i njohim.Flasim k\u00ebtu p\u00ebr v\u00ebllan\u00eb e tij, i cili qenka po ashtu nj\u00eb k\u00ebng\u00ebtar.<\/p>\n<p>Vet\u00eb Albani e ka prezantuar, duke th\u00ebn\u00eb se ai nuk \u00ebsht\u00eb i vetmi person i talentuar n\u00eb familjen e tij, por v\u00ebllai i tij Arb\u00ebri ka nj\u00eb z\u00eb t\u00eb mrekulluesh\u00ebm.Albani shkruan n\u00eb Instagram:<\/p>\n<p><img loading=\"lazy\" decoding=\"async\" class=\"alignnone size-medium wp-image-3483\" src=\"http:\/\/new.findnews5.com\/wp-content\/uploads\/2023\/09\/vlla-300x300.png\" alt=\"\" width=\"300\" height=\"300\" srcset=\"https:\/\/new.findnews5.com\/wp-content\/uploads\/2023\/09\/vlla-300x300.png 300w, https:\/\/new.findnews5.com\/wp-content\/uploads\/2023\/09\/vlla-150x150.png 150w, https:\/\/new.findnews5.com\/wp-content\/uploads\/2023\/09\/vlla-768x771.png 768w, https:\/\/new.findnews5.com\/wp-content\/uploads\/2023\/09\/vlla.png 800w\" sizes=\"auto, (max-width: 300px) 100vw, 300px\" \/><\/p>\n<p>Ky eshte Arber Skenderaj, vellai im. Jeton prej shume vitesh ne Itali dhe per pak mbush 42 vjec. Dhe ai si une qe ne femijeri qe e ka patur pasion muziken edhe pse prej vitesh ka nje tjeter profesion.<\/p>\n<p>E kemi nisur bashke dhe nuk ishte aspak me pak i talentuar se une. Rrethanat jo te lehta ben qe ai te mos vazhdonte dhe pse une me familjen me vite i\u2019a kemi kerkuar. Me ne fund vendosi te realizonte dhe te publikonte nje kenge vetem per pasion.<\/p>\n\n<div style=\"font-size: 0px; height: 0px; line-height: 0px; margin: 0; padding: 0; clear: both;\"><\/div>","protected":false},"excerpt":{"rendered":"<p>Alban Sk\u00ebnderaj \u00ebsht\u00eb nj\u00eb nga k\u00ebng\u00ebtar\u00ebt m\u00eb t\u00eb njohur shqiptar\u00eb dhe mjaft i suksessh\u00ebm. Mir\u00ebpo, duket se paskemi ditur fare pak p\u00ebr familjen e tij dhe k\u00ebtu&#8230; <\/p>\n","protected":false},"author":1,"featured_media":3482,"comment_status":"open","ping_status":"open","sticky":false,"template":"","format":"standard","meta":{"footnotes":""},"categories":[6],"tags":[],"class_list":["post-3481","post","type-post","status-publish","format-standard","has-post-thumbnail","hentry","category-lajme"],"_links":{"self":[{"href":"https:\/\/new.findnews5.com\/index.php?rest_route=\/wp\/v2\/posts\/3481","targetHints":{"allow":["GET"]}}],"collection":[{"href":"https:\/\/new.findnews5.com\/index.php?rest_route=\/wp\/v2\/posts"}],"about":[{"href":"https:\/\/new.findnews5.com\/index.php?rest_route=\/wp\/v2\/types\/post"}],"author":[{"embeddable":true,"href":"https:\/\/new.findnews5.com\/index.php?rest_route=\/wp\/v2\/users\/1"}],"replies":[{"embeddable":true,"href":"https:\/\/new.findnews5.com\/index.php?rest_route=%2Fwp%2Fv2%2Fcomments&post=3481"}],"version-history":[{"count":0,"href":"https:\/\/new.findnews5.com\/index.php?rest_route=\/wp\/v2\/posts\/3481\/revisions"}],"wp:featuredmedia":[{"embeddable":true,"href":"https:\/\/new.findnews5.com\/index.php?rest_route=\/wp\/v2\/media\/3482"}],"wp:attachment":[{"href":"https:\/\/new.findnews5.com\/index.php?rest_route=%2Fwp%2Fv2%2Fmedia&parent=3481"}],"wp:term":[{"taxonomy":"category","embeddable":true,"href":"https:\/\/new.findnews5.com\/index.php?rest_route=%2Fwp%2Fv2%2Fcategories&post=3481"},{"taxonomy":"post_tag","embeddable":true,"href":"https:\/\/new.findnews5.com\/index.php?rest_route=%2Fwp%2Fv2%2Ftags&post=3481"}],"curies":[{"name":"wp","href":"https:\/\/api.w.org\/{rel}","templated":true}]}}