{"id":3478,"date":"2023-09-05T22:21:36","date_gmt":"2023-09-05T22:21:36","guid":{"rendered":"https:\/\/new.findnews5.com\/?p=3478"},"modified":"2023-09-05T22:21:37","modified_gmt":"2023-09-05T22:21:37","slug":"idrizi-perfundon-deshmine-ne-hage-reagon-ndaj-komenteve-ne-internet","status":"publish","type":"post","link":"https:\/\/new.findnews5.com\/?p=3478","title":{"rendered":"Idrizi p\u00ebrfundon d\u00ebshmin\u00eb n\u00eb Hag\u00eb, reagon ndaj komenteve n\u00eb internet"},"content":{"rendered":"<div class=\"78954ae5fa42b68c1393fe3da4998882\" data-index=\"1\" style=\"float: none; margin:0px 0 0px 0; text-align:center;\">\n<div data-type=\"_mgwidget\" data-widget-id=\"1576712\">\r\n<\/div>\r\n<script>(function(w,q){w[q]=w[q]||[];w[q].push([\"_mgc.load\"])})(window,\"_mgq\");\r\n<\/script>\r\n\n<\/div>\n<p>D\u00ebshmitari Agim Idrizi e ka p\u00ebrfunduar d\u00ebshmin\u00eb e tij n\u00eb gjykimin kund\u00ebr ish-krer\u00ebve t\u00eb Ushtris\u00eb \u00c7lirimtare t\u00eb Kosov\u00ebs n\u00eb Gjykat\u00ebn Speciale t\u00eb Hag\u00ebs.<\/p>\n<p>Idrizi n\u00eb fund t\u00eb d\u00ebshmis\u00eb \u00ebsht\u00eb shprehur i shqet\u00ebsuar me komentet q\u00eb ka par\u00eb n\u00eb rrjetet sociale pas d\u00ebshmis\u00eb s\u00eb tij nj\u00eb dit\u00eb m\u00eb par\u00eb.<\/p>\n<p>\u201cMa kishin shkruar, tradhtar i kombit. K\u00ebta ma kan\u00eb pru pun\u00ebn me ardhur. Edhe hala thon\u00eb mos fol, mos fol. Jam shum\u00eb i k\u00ebnaqur p\u00ebr krejt gj\u00ebrat, q\u00eb m\u00eb keni pru qitu. E kam lyp me dal\u00eb publikisht. Un\u00eb e kam lyp me ardhur qitu. Vet kam ardhur\u201d, ka theksuar Idrizi.<\/p>\n<p>Gjat\u00eb d\u00ebshmis\u00eb ai mohon q\u00eb ka qen\u00eb polic ose roje pylli<\/p>\n<p>Prokurori James Pace ka vazhduar t\u00eb marr\u00eb n\u00eb pyetje k\u00ebt\u00eb d\u00ebshmitar, ku jan\u00eb shfaqur dokumente t\u00eb hartuara nga autoritetet serbe, ku figuron emri i Agim Idrizit.<\/p>\n<p>P\u00ebr t\u00eb nj\u00ebjtat, ky i fundit tha se nuk i ka par\u00eb m\u00eb her\u00ebt, deri n\u00eb momentin q\u00eb jan\u00eb shfaqur nga prokurori nj\u00eb jav\u00eb m\u00eb par\u00eb.<\/p>\n<p>Idrizi pretendon se \u00ebsht\u00eb rr\u00ebmbyer dhe ndaluar nga pjes\u00ebtar\u00ebt e U\u00c7K-s\u00eb n\u00eb vitin 1999. Sipas tij, gjat\u00eb koh\u00ebs sa ka qen\u00eb i arrestuar \u00ebsht\u00eb maltretuar dhe rrahur.<\/p>\n<p>Paraprakisht, kryetari i trupit gjykues, gjykat\u00ebsi Charles Smith ka b\u00ebr\u00eb t\u00eb ditur se Zyra e Prokurorit t\u00eb Specializuar ka dor\u00ebzuar nj\u00eb parashtres\u00eb q\u00eb \u00ebsht\u00eb k\u00ebrkes\u00eb p\u00ebr konferenc\u00eb me an\u00eb t\u00eb videos p\u00ebr d\u00ebshmitarin 03827.<\/p>\n<p>Idrizi \u00ebsht\u00eb d\u00ebshmitari i 21-t\u00eb n\u00eb k\u00ebt\u00eb \u00e7\u00ebshtje dhe do t\u00eb d\u00ebshmoj\u00eb p\u00ebr rr\u00ebmbimin dhe ndalimin e tij t\u00eb pretenduar nga pjes\u00ebtar\u00ebt e Ushtris\u00eb \u00c7lirimtare t\u00eb Kosov\u00ebs (U\u00c7K) n\u00eb vitin 1999<\/p>\n<p>Gjykimi ndaj ish-krer\u00ebve t\u00eb U\u00c7K-s\u00eb ka nisur m\u00eb 3 prill kurse t\u00eb akuzuarit jan\u00eb deklaruar t\u00eb pafajsh\u00ebm.<\/p>\n<p>Aktakuza e par\u00eb kund\u00ebr kat\u00ebr t\u00eb akuzuarve u konfirmua m\u00eb 26 tetor 2020 dhe u b\u00eb publike m\u00eb 5 n\u00ebntor 2020. Sipas aktakuz\u00ebs, krimet e paraqitura n\u00eb t\u00eb u kryen m\u00eb s\u00eb paku prej marsit 1998 deri n\u00eb shtator 1999 n\u00eb disa vendndodhje n\u00eb Kosov\u00eb, si edhe n\u00eb Kuk\u00ebs dhe Cahan, n\u00eb Shqip\u00ebrin\u00eb Veriore.\/rtk<\/p>\n\n<div style=\"font-size: 0px; height: 0px; line-height: 0px; margin: 0; padding: 0; clear: both;\"><\/div>","protected":false},"excerpt":{"rendered":"<p>D\u00ebshmitari Agim Idrizi e ka p\u00ebrfunduar d\u00ebshmin\u00eb e tij n\u00eb gjykimin kund\u00ebr ish-krer\u00ebve t\u00eb Ushtris\u00eb \u00c7lirimtare t\u00eb Kosov\u00ebs n\u00eb Gjykat\u00ebn Speciale t\u00eb Hag\u00ebs. Idrizi n\u00eb fund t\u00eb&#8230; <\/p>\n","protected":false},"author":1,"featured_media":3479,"comment_status":"open","ping_status":"open","sticky":false,"template":"","format":"standard","meta":{"footnotes":""},"categories":[6],"tags":[],"class_list":["post-3478","post","type-post","status-publish","format-standard","has-post-thumbnail","hentry","category-lajme"],"_links":{"self":[{"href":"https:\/\/new.findnews5.com\/index.php?rest_route=\/wp\/v2\/posts\/3478","targetHints":{"allow":["GET"]}}],"collection":[{"href":"https:\/\/new.findnews5.com\/index.php?rest_route=\/wp\/v2\/posts"}],"about":[{"href":"https:\/\/new.findnews5.com\/index.php?rest_route=\/wp\/v2\/types\/post"}],"author":[{"embeddable":true,"href":"https:\/\/new.findnews5.com\/index.php?rest_route=\/wp\/v2\/users\/1"}],"replies":[{"embeddable":true,"href":"https:\/\/new.findnews5.com\/index.php?rest_route=%2Fwp%2Fv2%2Fcomments&post=3478"}],"version-history":[{"count":0,"href":"https:\/\/new.findnews5.com\/index.php?rest_route=\/wp\/v2\/posts\/3478\/revisions"}],"wp:featuredmedia":[{"embeddable":true,"href":"https:\/\/new.findnews5.com\/index.php?rest_route=\/wp\/v2\/media\/3479"}],"wp:attachment":[{"href":"https:\/\/new.findnews5.com\/index.php?rest_route=%2Fwp%2Fv2%2Fmedia&parent=3478"}],"wp:term":[{"taxonomy":"category","embeddable":true,"href":"https:\/\/new.findnews5.com\/index.php?rest_route=%2Fwp%2Fv2%2Fcategories&post=3478"},{"taxonomy":"post_tag","embeddable":true,"href":"https:\/\/new.findnews5.com\/index.php?rest_route=%2Fwp%2Fv2%2Ftags&post=3478"}],"curies":[{"name":"wp","href":"https:\/\/api.w.org\/{rel}","templated":true}]}}