{"id":3472,"date":"2023-09-05T22:14:56","date_gmt":"2023-09-05T22:14:56","guid":{"rendered":"https:\/\/new.findnews5.com\/?p=3472"},"modified":"2023-09-05T22:14:57","modified_gmt":"2023-09-05T22:14:57","slug":"pse-me-la-mami-rrefimi-rreqethes-i-gjyshes-se-12-vjecares-qe-u-vetevar-ne-nje-kasolle-ne-pogradec","status":"publish","type":"post","link":"https:\/\/new.findnews5.com\/?p=3472","title":{"rendered":"\u2018Pse m\u00eb la mami?\u2019\/ Rr\u00ebfimi rr\u00ebqeth\u00ebs i gjyshes s\u00eb 12-vje\u00e7ares q\u00eb u vet\u00ebvar n\u00eb nj\u00eb kasolle n\u00eb Pogradec"},"content":{"rendered":"<div class=\"78954ae5fa42b68c1393fe3da4998882\" data-index=\"1\" style=\"float: none; margin:0px 0 0px 0; text-align:center;\">\n<div data-type=\"_mgwidget\" data-widget-id=\"1576712\">\r\n<\/div>\r\n<script>(function(w,q){w[q]=w[q]||[];w[q].push([\"_mgc.load\"])})(window,\"_mgq\");\r\n<\/script>\r\n\n<\/div>\n<p>N\u00eb nj\u00eb intervist\u00eb p\u00ebr \u201cShqip\u00ebria Live\u201d, gjyshja e 12-vje\u00e7ares e cila u vet\u00ebvar n\u00eb nj\u00eb kasolle n\u00eb Pogradec, ka rr\u00ebqethur me detajet nga ngjarja e r\u00ebnd\u00eb.<\/p>\n<p>Ajo tha se depresioni tek vajza e vog\u00ebl, nuk kuptohej se do t\u00eb nd\u00ebrmerrte t\u00eb b\u00ebnte aktin ekstrem t\u00eb vet\u00ebvrasjes.<\/p>\n<p>\u201cPara pak minutash isha duke folur me t\u00eb, fol\u00ebm q\u00eb t\u00eb shkonim t\u00eb blinimin rroba p\u00ebr shkoll\u00ebn. Ishte shum\u00eb e qeshur, luante gjat\u00eb gjith\u00eb koh\u00ebs, nuk dyshoja kurr\u00eb se do ta b\u00ebnte vet\u00ebvrasjen.<\/p>\n<p>P\u00ebr 7 vite vajza nuk pati kontakte me t\u00eb \u00ebm\u00ebn. E pyesnim p\u00ebr t\u00eb \u00ebm\u00ebn, por nuk fliste shum\u00eb me t\u00eb. N\u00ebna e saj i kishte th\u00ebn\u00eb q\u00eb do t\u2019i blinte telefon, por vajza i kishte th\u00ebn\u00eb q\u00eb do ia blinte babai. I kishte bler\u00eb dhe rroba. Pyeste here pas here p\u00ebr t\u00eb \u00ebm\u00ebn \u201cPse m\u00eb la?\u201d. Kishim nj\u00eb qenush\u00eb q\u00eb b\u00ebri disa k\u00eblysh\u00eb, dhe un\u00eb ia mora dhe ia hoqa nga sht\u00ebpia. Pas disa dit\u00ebve qenushja i kishte gjetur t\u00eb vegjlit e saj, dhe vajza thoshte \u201cedhe qenushja shkoi i gjeti k\u00eblysh\u00ebt, po mua pse m\u00eb la n\u00ebna?\u201d, tha gjyshja e 12-vje\u00e7ares e cila u vet\u00ebvar n\u00eb nj\u00eb kasolle n\u00eb Pogradec.<\/p>\n\n<div style=\"font-size: 0px; height: 0px; line-height: 0px; margin: 0; padding: 0; clear: both;\"><\/div>","protected":false},"excerpt":{"rendered":"<p>N\u00eb nj\u00eb intervist\u00eb p\u00ebr \u201cShqip\u00ebria Live\u201d, gjyshja e 12-vje\u00e7ares e cila u vet\u00ebvar n\u00eb nj\u00eb kasolle n\u00eb Pogradec, ka rr\u00ebqethur me detajet nga ngjarja e r\u00ebnd\u00eb. Ajo&#8230; <\/p>\n","protected":false},"author":1,"featured_media":3473,"comment_status":"open","ping_status":"open","sticky":false,"template":"","format":"standard","meta":{"footnotes":""},"categories":[6],"tags":[],"class_list":["post-3472","post","type-post","status-publish","format-standard","has-post-thumbnail","hentry","category-lajme"],"_links":{"self":[{"href":"https:\/\/new.findnews5.com\/index.php?rest_route=\/wp\/v2\/posts\/3472","targetHints":{"allow":["GET"]}}],"collection":[{"href":"https:\/\/new.findnews5.com\/index.php?rest_route=\/wp\/v2\/posts"}],"about":[{"href":"https:\/\/new.findnews5.com\/index.php?rest_route=\/wp\/v2\/types\/post"}],"author":[{"embeddable":true,"href":"https:\/\/new.findnews5.com\/index.php?rest_route=\/wp\/v2\/users\/1"}],"replies":[{"embeddable":true,"href":"https:\/\/new.findnews5.com\/index.php?rest_route=%2Fwp%2Fv2%2Fcomments&post=3472"}],"version-history":[{"count":0,"href":"https:\/\/new.findnews5.com\/index.php?rest_route=\/wp\/v2\/posts\/3472\/revisions"}],"wp:featuredmedia":[{"embeddable":true,"href":"https:\/\/new.findnews5.com\/index.php?rest_route=\/wp\/v2\/media\/3473"}],"wp:attachment":[{"href":"https:\/\/new.findnews5.com\/index.php?rest_route=%2Fwp%2Fv2%2Fmedia&parent=3472"}],"wp:term":[{"taxonomy":"category","embeddable":true,"href":"https:\/\/new.findnews5.com\/index.php?rest_route=%2Fwp%2Fv2%2Fcategories&post=3472"},{"taxonomy":"post_tag","embeddable":true,"href":"https:\/\/new.findnews5.com\/index.php?rest_route=%2Fwp%2Fv2%2Ftags&post=3472"}],"curies":[{"name":"wp","href":"https:\/\/api.w.org\/{rel}","templated":true}]}}