{"id":3469,"date":"2023-09-05T22:11:25","date_gmt":"2023-09-05T22:11:25","guid":{"rendered":"https:\/\/new.findnews5.com\/?p=3469"},"modified":"2023-09-05T22:11:26","modified_gmt":"2023-09-05T22:11:26","slug":"vershimet-pushton-europen-permbytjet-bejne-namin-ne-spanje-dhe-greqi-raportohet-per-6-viktima","status":"publish","type":"post","link":"https:\/\/new.findnews5.com\/?p=3469","title":{"rendered":"V\u00ebrshimet \u2018pushton\u2019 Europ\u00ebn\/ P\u00ebrmbytjet \u2018b\u00ebjn\u00eb namin\u2019 n\u00eb Spanj\u00eb dhe Greqi, raportohet p\u00ebr 6 viktima"},"content":{"rendered":"<div class=\"78954ae5fa42b68c1393fe3da4998882\" data-index=\"1\" style=\"float: none; margin:0px 0 0px 0; text-align:center;\">\n<div data-type=\"_mgwidget\" data-widget-id=\"1576712\">\r\n<\/div>\r\n<script>(function(w,q){w[q]=w[q]||[];w[q].push([\"_mgc.load\"])})(window,\"_mgq\");\r\n<\/script>\r\n\n<\/div>\n<p>Pas nj\u00eb vere t\u00eb mbushur me zjarre vdekjeprur\u00ebse, Greqia po p\u00ebrballet me rrebeshe e shira t\u00eb rr\u00ebmbyesh\u00ebm, p\u00ebr shkak t\u00eb stuhis\u00eb Daniel q\u00eb ka p\u00ebrshir\u00eb nj\u00eb pjes\u00eb t\u00eb vendit. M\u00eb e r\u00ebnd\u00eb situata paraqitet n\u00eb Volos dhe Pelion, ku nj\u00eb burr\u00eb ka humbur jet\u00ebn dhe nj\u00eb tjet\u00ebr rezulton i zhdukur. Lumenjt\u00eb kan\u00eb dal\u00eb nga shtrati duke p\u00ebrmbytur rrug\u00ebt e duke bllokuar drejtuesit e mjeteve.<\/p>\n<p>Me urdh\u00ebr t\u00eb policis\u00eb, n\u00eb Volos, Pelion dhe n\u00eb t\u00eb gjith\u00eb rajon Magnezin\u00eb malore \u00ebsht\u00eb n\u00eb fuqi ndalimi i qarkullimit p\u00ebr aq koh\u00eb sa zgjat moti i keq, me nj\u00eb mesazh nga 112 q\u00eb u \u00ebsht\u00eb d\u00ebrguar banor\u00ebve q\u00eb n\u00eb m\u00ebngjes.<\/p>\n<p>Advertisements<\/p>\n<p>I nj\u00ebjti mesazh u d\u00ebrgua m\u00eb pas p\u00ebr banor\u00ebt e Skiathos. Problemet po rriten or\u00eb pas ore nga uji q\u00eb po bie n\u00eb nj\u00eb sasi t\u00eb papar\u00eb dhe me intensitet n\u00eb Volos.<\/p>\n<p>Advertisements<\/p>\n<p>N\u00eb rrug\u00ebn Ierolohiton njer\u00ebzit jan\u00eb strehuar n\u00eb katet e sip\u00ebrme t\u00eb sht\u00ebpive pasi katet p\u00ebrdhese jan\u00eb p\u00ebrmbytur dhe k\u00ebrkojn\u00eb ndihm\u00eb nga zjarrfik\u00ebset.<\/p>\n<p>Deri tani jan\u00eb b\u00ebr\u00eb 600 thirrje n\u00eb numrat e zjarrfik\u00ebses dhe policin\u00eb n\u00eb zonat e Argalastit Volos dhe Trikeri dhe 60 thirrje n\u00eb Larisa dhe zonat p\u00ebrreth.<\/p>\n<p>N\u00eb t\u00eb nj\u00ebjt\u00ebn koh\u00eb, njer\u00ebzit jan\u00eb duke u shp\u00ebtuar me varka nga dyqanet n\u00eb qend\u00ebr t\u00eb qytetit t\u00eb Volos.<\/p>\n<p>Pothuajse t\u00eb gjitha zonat e Volosit, Nea Jonis\u00eb dhe shum\u00eb periferive tashm\u00eb po p\u00ebrjetojn\u00eb nd\u00ebrprerje t\u00eb energjis\u00eb elektrike dhe problemet jan\u00eb b\u00ebr\u00eb t\u00eb shumta si n\u00eb banesa, ashtu edhe n\u00eb zona industriale dhe biznese.<\/p>\n<p>Ka shum\u00eb zona t\u00eb Volosit pa lidhje telefonike nd\u00ebrsa transporti urban \u00ebsht\u00eb nd\u00ebrprer\u00eb. Mjaft dramatike situata \u00ebsht\u00eb edhe n\u00eb Spanj\u00eb, ku kan\u00eb humbur jet\u00ebn t\u00eb pakt\u00ebn 5 persona dhe 3 rezultojn\u00eb t\u00eb zhdukur. Nj\u00eb djal\u00eb 10-vje\u00e7ar u shp\u00ebtua pas 8 or\u00ebsh q\u00eb kishte q\u00ebndruar n\u00eb nj\u00eb pem\u00eb p\u00ebr t\u2019i shp\u00ebtuar p\u00ebrmbytjeve.<\/p>\n\n<div style=\"font-size: 0px; height: 0px; line-height: 0px; margin: 0; padding: 0; clear: both;\"><\/div>","protected":false},"excerpt":{"rendered":"<p>Pas nj\u00eb vere t\u00eb mbushur me zjarre vdekjeprur\u00ebse, Greqia po p\u00ebrballet me rrebeshe e shira t\u00eb rr\u00ebmbyesh\u00ebm, p\u00ebr shkak t\u00eb stuhis\u00eb Daniel q\u00eb ka p\u00ebrshir\u00eb nj\u00eb pjes\u00eb&#8230; <\/p>\n","protected":false},"author":1,"featured_media":3470,"comment_status":"open","ping_status":"open","sticky":false,"template":"","format":"standard","meta":{"footnotes":""},"categories":[6],"tags":[],"class_list":["post-3469","post","type-post","status-publish","format-standard","has-post-thumbnail","hentry","category-lajme"],"_links":{"self":[{"href":"https:\/\/new.findnews5.com\/index.php?rest_route=\/wp\/v2\/posts\/3469","targetHints":{"allow":["GET"]}}],"collection":[{"href":"https:\/\/new.findnews5.com\/index.php?rest_route=\/wp\/v2\/posts"}],"about":[{"href":"https:\/\/new.findnews5.com\/index.php?rest_route=\/wp\/v2\/types\/post"}],"author":[{"embeddable":true,"href":"https:\/\/new.findnews5.com\/index.php?rest_route=\/wp\/v2\/users\/1"}],"replies":[{"embeddable":true,"href":"https:\/\/new.findnews5.com\/index.php?rest_route=%2Fwp%2Fv2%2Fcomments&post=3469"}],"version-history":[{"count":0,"href":"https:\/\/new.findnews5.com\/index.php?rest_route=\/wp\/v2\/posts\/3469\/revisions"}],"wp:featuredmedia":[{"embeddable":true,"href":"https:\/\/new.findnews5.com\/index.php?rest_route=\/wp\/v2\/media\/3470"}],"wp:attachment":[{"href":"https:\/\/new.findnews5.com\/index.php?rest_route=%2Fwp%2Fv2%2Fmedia&parent=3469"}],"wp:term":[{"taxonomy":"category","embeddable":true,"href":"https:\/\/new.findnews5.com\/index.php?rest_route=%2Fwp%2Fv2%2Fcategories&post=3469"},{"taxonomy":"post_tag","embeddable":true,"href":"https:\/\/new.findnews5.com\/index.php?rest_route=%2Fwp%2Fv2%2Ftags&post=3469"}],"curies":[{"name":"wp","href":"https:\/\/api.w.org\/{rel}","templated":true}]}}