{"id":3466,"date":"2023-09-05T22:08:26","date_gmt":"2023-09-05T22:08:26","guid":{"rendered":"https:\/\/new.findnews5.com\/?p=3466"},"modified":"2023-09-05T22:08:28","modified_gmt":"2023-09-05T22:08:28","slug":"qendroi-i-hipur-ne-peme-pergjate-nates-10-vjecari-i-shpeton-permbytjeve","status":"publish","type":"post","link":"https:\/\/new.findnews5.com\/?p=3466","title":{"rendered":"Q\u00ebndroi i hipur n\u00eb pem\u00eb p\u00ebrgjat\u00eb nat\u00ebs, 10-vje\u00e7ari i shp\u00ebton p\u00ebrmbytjeve"},"content":{"rendered":"<div class=\"78954ae5fa42b68c1393fe3da4998882\" data-index=\"1\" style=\"float: none; margin:0px 0 0px 0; text-align:center;\">\n<div data-type=\"_mgwidget\" data-widget-id=\"1576712\">\r\n<\/div>\r\n<script>(function(w,q){w[q]=w[q]||[];w[q].push([\"_mgc.load\"])})(window,\"_mgq\");\r\n<\/script>\r\n\n<\/div>\n<p>Nj\u00eb f\u00ebmij\u00eb i ka mbijetuar p\u00ebrmbytjeve vdekjeprur\u00ebse n\u00eb Spanj\u00eb duke u ngjitur n\u00eb nj\u00eb pem\u00eb dhe ka ndenjur i kapur pas saj p\u00ebr gjith\u00eb nat\u00ebn.<\/p>\n<p>Autoritetet thon\u00eb se makina me familjar\u00ebt e tij u p\u00ebrfshi nga rrjedha e lumit nd\u00ebrsa babai ende nuk gjendet.<\/p>\n<p>10-vje\u00e7ari po merr mjekim p\u00ebr hipotermin\u00eb.<\/p>\n<p>Familja nga nj\u00eb zon\u00eb rurale e Madridit jugper\u00ebndimor po p\u00ebrpiqej t\u2019i shp\u00ebtonte p\u00ebrmbytjes kur uji mori me vete makin\u00ebn. \u201cDjali i gjor\u00eb e kaloi gjith\u00eb nat\u00ebn hipur n\u00eb pem\u00eb\u201d, tha kryetarja e rajonit t\u00eb Madridit, Isabel Diaz Ayuso.<\/p>\n<p>N\u00ebna dhe motra e tij jan\u00eb gjetur, por ekipet e shp\u00ebtimit jan\u00eb ende n\u00eb k\u00ebrkim t\u00eb babait. Ky i fundit \u00ebsht\u00eb nj\u00eb prej tre personave t\u00eb raportuar t\u00eb humbur, nd\u00ebrsa tre t\u00eb tjer\u00eb kan\u00eb humbur jet\u00ebn.<\/p>\n<p>Sh\u00ebrbimi meteorologjik thot\u00eb se jan\u00eb regjistruar shifra rekord n\u00eb reshjet e shiut gjat\u00eb s\u00eb diel\u00ebs, 90 litra p\u00ebr met\u00ebr katror. Urat jan\u00eb prishur dhe rrug\u00ebt jan\u00eb kthyer n\u00eb lumenj balte.<\/p>\n<p>Banor\u00ebt n\u00eb zonat e prekura u lajm\u00ebruan me nj\u00eb mesazh emergjence dhe nj\u00eb alarm p\u00ebr stuhin\u00eb e dit\u00ebs s\u00eb diel, q\u00eb sh\u00ebnoi edhe her\u00ebn e par\u00eb t\u00eb p\u00ebrdorimit t\u00eb k\u00ebtij sistemi.<\/p>\n<p>Spanja dhe Europa jugore p\u00ebrjetuan val\u00ebn e t\u00eb nxehtit gjat\u00eb ver\u00ebs. Shkenc\u00ebtar\u00ebt kan\u00eb paralajm\u00ebruar se ngrohja globale do t\u00eb shtoj\u00eb avullimin e ujit gjat\u00eb ver\u00ebs dhe do t\u00eb sjell\u00eb m\u00eb shum\u00eb stuhi t\u00eb forta.\/tvklan.al<\/p>\n\n<div style=\"font-size: 0px; height: 0px; line-height: 0px; margin: 0; padding: 0; clear: both;\"><\/div>","protected":false},"excerpt":{"rendered":"<p>Nj\u00eb f\u00ebmij\u00eb i ka mbijetuar p\u00ebrmbytjeve vdekjeprur\u00ebse n\u00eb Spanj\u00eb duke u ngjitur n\u00eb nj\u00eb pem\u00eb dhe ka ndenjur i kapur pas saj p\u00ebr gjith\u00eb nat\u00ebn. Autoritetet thon\u00eb&#8230; <\/p>\n","protected":false},"author":1,"featured_media":3467,"comment_status":"open","ping_status":"open","sticky":false,"template":"","format":"standard","meta":{"footnotes":""},"categories":[6],"tags":[],"class_list":["post-3466","post","type-post","status-publish","format-standard","has-post-thumbnail","hentry","category-lajme"],"_links":{"self":[{"href":"https:\/\/new.findnews5.com\/index.php?rest_route=\/wp\/v2\/posts\/3466","targetHints":{"allow":["GET"]}}],"collection":[{"href":"https:\/\/new.findnews5.com\/index.php?rest_route=\/wp\/v2\/posts"}],"about":[{"href":"https:\/\/new.findnews5.com\/index.php?rest_route=\/wp\/v2\/types\/post"}],"author":[{"embeddable":true,"href":"https:\/\/new.findnews5.com\/index.php?rest_route=\/wp\/v2\/users\/1"}],"replies":[{"embeddable":true,"href":"https:\/\/new.findnews5.com\/index.php?rest_route=%2Fwp%2Fv2%2Fcomments&post=3466"}],"version-history":[{"count":0,"href":"https:\/\/new.findnews5.com\/index.php?rest_route=\/wp\/v2\/posts\/3466\/revisions"}],"wp:featuredmedia":[{"embeddable":true,"href":"https:\/\/new.findnews5.com\/index.php?rest_route=\/wp\/v2\/media\/3467"}],"wp:attachment":[{"href":"https:\/\/new.findnews5.com\/index.php?rest_route=%2Fwp%2Fv2%2Fmedia&parent=3466"}],"wp:term":[{"taxonomy":"category","embeddable":true,"href":"https:\/\/new.findnews5.com\/index.php?rest_route=%2Fwp%2Fv2%2Fcategories&post=3466"},{"taxonomy":"post_tag","embeddable":true,"href":"https:\/\/new.findnews5.com\/index.php?rest_route=%2Fwp%2Fv2%2Ftags&post=3466"}],"curies":[{"name":"wp","href":"https:\/\/api.w.org\/{rel}","templated":true}]}}