{"id":3436,"date":"2023-09-05T09:41:42","date_gmt":"2023-09-05T09:41:42","guid":{"rendered":"https:\/\/new.findnews5.com\/?p=3436"},"modified":"2023-09-05T09:41:43","modified_gmt":"2023-09-05T09:41:43","slug":"edi-rama-tane-edhe-hoxhe-mos-vidhni-se-eshte-harram-pasurimi-me-djersen-e-tjetrit-nuk-behet-kurre-hallall","status":"publish","type":"post","link":"https:\/\/new.findnews5.com\/?p=3436","title":{"rendered":"Edi Rama tane edhe Hoxh\u00eb: Mos vidhni se \u00ebsht\u00eb harram, pasurimi me djers\u00ebn e tjetrit nuk b\u00ebhet kurr\u00eb hallall!"},"content":{"rendered":"<div class=\"78954ae5fa42b68c1393fe3da4998882\" data-index=\"1\" style=\"float: none; margin:0px 0 0px 0; text-align:center;\">\n<div data-type=\"_mgwidget\" data-widget-id=\"1576712\">\r\n<\/div>\r\n<script>(function(w,q){w[q]=w[q]||[];w[q].push([\"_mgc.load\"])})(window,\"_mgq\");\r\n<\/script>\r\n\n<\/div>\n<p>Popullimi i paprecedent i burgjeve me zyrtar\u00eb t\u00eb qeveris\u00eb dhe Partis\u00eb Socialiste, e ka detyruar Edi Ram\u00ebn q\u00eb n\u00eb fjalimin e gjat\u00eb, t\u00eb mbajtur n\u00eb Asamblen\u00eb e k\u00ebsaj partie, t\u00eb flas\u00eb jo vet\u00ebm si kryeminist\u00ebr por edhe si Hoxh\u00eb.<\/p>\n<p>N\u00eb vitin e dhjet\u00eb t\u00eb qeverisjes, me nj\u00eb ton melodramatik, kryeministri u kujtua t&#8217;ju b\u00ebj\u00eb  thirrje socialist\u00ebve t\u00eb mos vjedhin dhe t\u00eb mos pasurohen &#8220;me djers\u00ebn e t\u00eb tjer\u00ebve&#8221; pasi kjo gj\u00eb, jo vet\u00ebm t\u00eb \u00e7on n\u00eb burg, ku po krijohet me shpejt\u00ebsi nj\u00eb qeveri socialiste n\u00eb hije, por \u00ebsht\u00eb edhe &#8220;harram&#8221;, si\u00e7 p\u00ebrkufizohet vjedhja n\u00eb fen\u00eb islame.<\/p>\n<p>Gjat\u00eb fjalimit, Rama shpjegoi se nuk mban asnj\u00eb p\u00ebrgjegj\u00ebsi p\u00ebr korrupsionin q\u00eb kryejn\u00eb zyrtar\u00ebt socialist\u00eb, p\u00ebrfshir\u00eb edhe p\u00ebrgjegj\u00ebsin\u00eb morale.<\/p>\n<p>Nd\u00ebrkoh\u00eb q\u00eb incenerator\u00ebt dhe sterilizimin, dy vepra t\u00eb qeveris\u00eb s\u00eb tij q\u00eb kan\u00eb \u00e7uar drejt burgut disa zyrtar\u00eb t\u00eb lart\u00eb, i quajti histori suksesi, q\u00eb jan\u00eb njollosur nga disa akte korruptive pa dijenin\u00eb e tij, t\u00eb cilat sot po i zbardh SPAK.<\/p>\n<p>&#8220;Mos bini n\u00eb kurthin e pasurimit me djers\u00ebn e t\u00eb tjer\u00ebve! \u00cbsht\u00eb harram, q\u00eb nuk b\u00ebhet hallall!<\/p>\n<p>Pasardh\u00ebsit nuk i kan\u00eb borxh t&#8217;i shohin harramit&#8230; Mos i harroni amanetet e t\u00eb par\u00ebve, kujtohuni p\u00ebr fjal\u00ebt e gjysh\u00ebrve, p\u00ebr porosit\u00eb e prind\u00ebrve kur i d\u00ebgjonim nga halli dhe jeni t\u00eb rregull me SPAK, gjykat\u00ebn speciale, drejt\u00ebsin\u00eb dhe t\u00ebrliv\u00ebrlin&#8230;.<\/p>\n<p>Kemi kaq shum\u00eb pun\u00eb p\u00ebr t\u00eb b\u00ebr\u00eb dhe na duhet aq shum\u00eb angazhim, aq shum\u00eb fokus tek sfidat e vendit dhe PS.<\/p>\n<p>Prandaj t\u00eb p\u00ebrq\u00ebndrohemi dhe t\u00eb bashk\u00ebveprojm\u00eb shum\u00eb m\u00eb tep\u00ebr. Kjo e historive t\u00eb zullumqar\u00ebve \u00ebsht\u00eb vet\u00ebm nj\u00eb pjes\u00eb dhe jo pjesa m\u00eb e madhe e problemit.<\/p>\n<p>\u00cbsht\u00eb edhe historia e shpejt\u00ebsis\u00eb, aft\u00ebsis\u00eb, historia e energjis\u00eb q\u00eb duhet v\u00ebn\u00eb n\u00eb dispozicion, p\u00ebr t\u00eb thelluar reformat, p\u00ebr t\u00eb p\u00ebrmir\u00ebsuar qeverisjen, p\u00ebr t\u00eb zgjeruar komunitetin ton\u00eb politik p\u00ebrtej partis\u00eb&#8221;, deklaroi kryeministri.<\/p>\n\n<div style=\"font-size: 0px; height: 0px; line-height: 0px; margin: 0; padding: 0; clear: both;\"><\/div>","protected":false},"excerpt":{"rendered":"<p>Popullimi i paprecedent i burgjeve me zyrtar\u00eb t\u00eb qeveris\u00eb dhe Partis\u00eb Socialiste, e ka detyruar Edi Ram\u00ebn q\u00eb n\u00eb fjalimin e gjat\u00eb, t\u00eb mbajtur n\u00eb Asamblen\u00eb e&#8230; <\/p>\n","protected":false},"author":1,"featured_media":3437,"comment_status":"open","ping_status":"open","sticky":false,"template":"","format":"standard","meta":{"footnotes":""},"categories":[6],"tags":[],"class_list":["post-3436","post","type-post","status-publish","format-standard","has-post-thumbnail","hentry","category-lajme"],"_links":{"self":[{"href":"https:\/\/new.findnews5.com\/index.php?rest_route=\/wp\/v2\/posts\/3436","targetHints":{"allow":["GET"]}}],"collection":[{"href":"https:\/\/new.findnews5.com\/index.php?rest_route=\/wp\/v2\/posts"}],"about":[{"href":"https:\/\/new.findnews5.com\/index.php?rest_route=\/wp\/v2\/types\/post"}],"author":[{"embeddable":true,"href":"https:\/\/new.findnews5.com\/index.php?rest_route=\/wp\/v2\/users\/1"}],"replies":[{"embeddable":true,"href":"https:\/\/new.findnews5.com\/index.php?rest_route=%2Fwp%2Fv2%2Fcomments&post=3436"}],"version-history":[{"count":0,"href":"https:\/\/new.findnews5.com\/index.php?rest_route=\/wp\/v2\/posts\/3436\/revisions"}],"wp:featuredmedia":[{"embeddable":true,"href":"https:\/\/new.findnews5.com\/index.php?rest_route=\/wp\/v2\/media\/3437"}],"wp:attachment":[{"href":"https:\/\/new.findnews5.com\/index.php?rest_route=%2Fwp%2Fv2%2Fmedia&parent=3436"}],"wp:term":[{"taxonomy":"category","embeddable":true,"href":"https:\/\/new.findnews5.com\/index.php?rest_route=%2Fwp%2Fv2%2Fcategories&post=3436"},{"taxonomy":"post_tag","embeddable":true,"href":"https:\/\/new.findnews5.com\/index.php?rest_route=%2Fwp%2Fv2%2Ftags&post=3436"}],"curies":[{"name":"wp","href":"https:\/\/api.w.org\/{rel}","templated":true}]}}