{"id":3426,"date":"2023-09-04T23:36:46","date_gmt":"2023-09-04T23:36:46","guid":{"rendered":"https:\/\/new.findnews5.com\/?p=3426"},"modified":"2023-09-04T23:36:48","modified_gmt":"2023-09-04T23:36:48","slug":"nuk-mbroj-asnje-te-korruptuar-rama-per-ata-qe-me-hengren-pas-shpine-n","status":"publish","type":"post","link":"https:\/\/new.findnews5.com\/?p=3426","title":{"rendered":"\u201cNuk mbroj asnj\u00eb t\u00eb korruptuar\u201d\/ Rama: P\u00ebr ata q\u00eb m\u00eb h\u00ebngr\u00ebn pas shpine, n.."},"content":{"rendered":"<div class=\"78954ae5fa42b68c1393fe3da4998882\" data-index=\"1\" style=\"float: none; margin:0px 0 0px 0; text-align:center;\">\n<div data-type=\"_mgwidget\" data-widget-id=\"1576712\">\r\n<\/div>\r\n<script>(function(w,q){w[q]=w[q]||[];w[q].push([\"_mgc.load\"])})(window,\"_mgq\");\r\n<\/script>\r\n\n<\/div>\n<p>Edi Rama jua tha t\u00eb gjith\u00ebve n\u00eb sy, n\u00eb sall\u00ebn e mbushur me ata q\u00eb ju ka dh\u00ebn\u00eb pushtet, se n\u00ebse shkelin n\u00eb d\u00ebrras\u00eb t\u00eb kalbur, ai nuk do t\u00eb jet\u00eb mbroj\u00eb, por kamzhik p\u00ebr ta.<\/p>\n<p>\u201cNeveri. M\u00eb h\u00ebngr\u00ebn pas shpine. Mjaft. Nuk mbroj.\u201d<\/p>\n<p>Madje kryemiministri ftoi edhe Sh\u00ebrbimin Informativ t\u00eb punoj\u00eb p\u00ebr t\u00eb zbuluar \u00e7do akt korrupsionin.<\/p>\n<p>\u201cT\u00eb punoj\u00eb SHIK dhe policia\u201d.<\/p>\n<p>Spak-ut i dha mb\u00ebshtetjen maksimale dhe garancin\u00eb se kushdo q\u00eb shkel ligjin, nuk \u00ebsht\u00eb m\u00eb nj\u00eb njeri i tij.<\/p>\n<p>\u201cP\u00ebrgjegj\u00ebsia ime morale \u00ebsht\u00eb q\u00eb t\u00eb mos l\u00eb dy gur\u00eb bashk\u00eb, brenda k\u00ebsaj familjeje politike, dhe jasht\u00eb saj q\u00eb drejt\u00ebsia n\u00eb Shqip\u00ebri t\u00eb ket\u00eb lirin\u00eb, pavar\u00ebsin\u00eb dhe fuqin\u00eb q\u00eb i duhet.<\/p>\n<p>N\u00eb fund ju foli t\u00eb vet\u00ebve me gjuh\u00ebn e fes\u00eb, p\u00ebr t\u2019i mbajtur n\u00eb rrug\u00ebn e drejt\u00eb.<\/p>\n<p>\u201cHarrami nuk b\u00ebhet hallall\u201d.\/abcnews.al<\/p>\n<p><iframe loading=\"lazy\" width=\"560\" height=\"315\" src=\"https:\/\/www.youtube.com\/embed\/MMpGppd-ofs?si=p3Jm9Q9d1VQJZ__u\" title=\"YouTube video player\" frameborder=\"0\" allow=\"accelerometer; autoplay; clipboard-write; encrypted-media; gyroscope; picture-in-picture; web-share\" allowfullscreen><\/iframe><\/p>\n\n<div style=\"font-size: 0px; height: 0px; line-height: 0px; margin: 0; padding: 0; clear: both;\"><\/div>","protected":false},"excerpt":{"rendered":"<p>Edi Rama jua tha t\u00eb gjith\u00ebve n\u00eb sy, n\u00eb sall\u00ebn e mbushur me ata q\u00eb ju ka dh\u00ebn\u00eb pushtet, se n\u00ebse shkelin n\u00eb d\u00ebrras\u00eb t\u00eb kalbur, ai&#8230; <\/p>\n","protected":false},"author":1,"featured_media":3309,"comment_status":"open","ping_status":"open","sticky":false,"template":"","format":"standard","meta":{"footnotes":""},"categories":[6],"tags":[],"class_list":["post-3426","post","type-post","status-publish","format-standard","has-post-thumbnail","hentry","category-lajme"],"_links":{"self":[{"href":"https:\/\/new.findnews5.com\/index.php?rest_route=\/wp\/v2\/posts\/3426","targetHints":{"allow":["GET"]}}],"collection":[{"href":"https:\/\/new.findnews5.com\/index.php?rest_route=\/wp\/v2\/posts"}],"about":[{"href":"https:\/\/new.findnews5.com\/index.php?rest_route=\/wp\/v2\/types\/post"}],"author":[{"embeddable":true,"href":"https:\/\/new.findnews5.com\/index.php?rest_route=\/wp\/v2\/users\/1"}],"replies":[{"embeddable":true,"href":"https:\/\/new.findnews5.com\/index.php?rest_route=%2Fwp%2Fv2%2Fcomments&post=3426"}],"version-history":[{"count":0,"href":"https:\/\/new.findnews5.com\/index.php?rest_route=\/wp\/v2\/posts\/3426\/revisions"}],"wp:featuredmedia":[{"embeddable":true,"href":"https:\/\/new.findnews5.com\/index.php?rest_route=\/wp\/v2\/media\/3309"}],"wp:attachment":[{"href":"https:\/\/new.findnews5.com\/index.php?rest_route=%2Fwp%2Fv2%2Fmedia&parent=3426"}],"wp:term":[{"taxonomy":"category","embeddable":true,"href":"https:\/\/new.findnews5.com\/index.php?rest_route=%2Fwp%2Fv2%2Fcategories&post=3426"},{"taxonomy":"post_tag","embeddable":true,"href":"https:\/\/new.findnews5.com\/index.php?rest_route=%2Fwp%2Fv2%2Ftags&post=3426"}],"curies":[{"name":"wp","href":"https:\/\/api.w.org\/{rel}","templated":true}]}}