{"id":3420,"date":"2023-09-04T23:26:52","date_gmt":"2023-09-04T23:26:52","guid":{"rendered":"https:\/\/new.findnews5.com\/?p=3420"},"modified":"2023-09-04T23:26:53","modified_gmt":"2023-09-04T23:26:53","slug":"arrestohet-ne-malisheve-i-dyshuari-per-vrasjen-e-djeshme-ne-prizren","status":"publish","type":"post","link":"https:\/\/new.findnews5.com\/?p=3420","title":{"rendered":"Arrestohet n\u00eb Malishev\u00eb i dyshuari p\u00ebr vrasjen e djeshme n\u00eb Prizren"},"content":{"rendered":"<div class=\"78954ae5fa42b68c1393fe3da4998882\" data-index=\"1\" style=\"float: none; margin:0px 0 0px 0; text-align:center;\">\n<div data-type=\"_mgwidget\" data-widget-id=\"1576712\">\r\n<\/div>\r\n<script>(function(w,q){w[q]=w[q]||[];w[q].push([\"_mgc.load\"])})(window,\"_mgq\");\r\n<\/script>\r\n\n<\/div>\n<p>\u00cbsht\u00eb arrestuar Aziz Gashi, i cili dyshohet p\u00ebr vrasjen e nj\u00eb 48-vje\u00e7ari gjat\u00eb s\u00eb diel\u00ebs n\u00eb lagjen \u201cArbana\u201d n\u00eb Prizren.<\/p>\n<p>K\u00ebt\u00eb e ka konfirmuar p\u00ebr Klankosova.tv. z\u00ebdh\u00ebn\u00ebsi i Policis\u00eb p\u00ebr Rajonin e Prizrenit, Shaqir Bytyqi.<\/p>\n<p>\u201cSot me dat\u00eb 04.09.2023 kan\u00eb vazhduar veprimet operative hetimore p\u00ebr t\u00eb lokalizuar dhe arrestuar t\u00eb dyshuarin e rastit t\u00eb vrasjes s\u00eb djeshme n\u00eb Prizren\u201d, u shpreh Bytyqi p\u00ebr Klankosova.tv.<\/p>\n<p>\u201cGjat\u00eb dit\u00ebs s\u00eb sotme me urdh\u00ebr Prokurorit dhe me autorizim te Gjykat\u00ebs Themelore, \u00ebsht\u00eb bastis\u00eb nj\u00eb lokacion n\u00eb Malishev\u00eb ku \u00ebsht\u00eb dyshuar se mund t\u00eb gjendet I dyshuari, n\u00eb at\u00eb lokacion nuk \u00ebsht\u00eb gjet i dyshuari por \u00ebsht\u00eb gjet nj\u00eb arm\u00eb-pushk\u00eb automatike q\u00eb dyshohet se \u00ebsht\u00eb p\u00ebrdor n\u00eb rastin e krimit\u201d.<\/p>\n<p>\u201cVeprimet operative-hetimore kane vazhduar duke kontarolluar lokacione t\u00eb ndryshem, kryesisht n\u00eb rrethin\u00ebn e Malishev\u00ebs. Me von\u00eb n\u00eb or\u00ebt e mbr\u00ebmjes \u00ebsht\u00eb lokalizuar dhe \u00ebsht\u00eb arrestuar I dyshuari. Arrestimi I t\u00eb dyshuarit \u00ebsht\u00eb b\u00ebr\u00eb n\u00eb fshatin T\u00ebrpez t\u00eb Malishev\u00ebs\u201d.<\/p>\n<p>Ai theksoi se n\u00eb operacion p\u00ebr arrestimin e t\u00eb dyshuarit p\u00ebrve\u00e7 Sektorit t\u00eb Hetimeve t\u00eb Drejtoris\u00eb t\u00eb Policis\u00eb n\u00eb Prizren kan\u00eb asistuar edhe Drejtoria Rajonale e Policis\u00eb s\u00eb Gajokv\u00ebs dhe nj\u00ebsi t\u00eb tjera , si K9 etj.<\/p>\n\n<div style=\"font-size: 0px; height: 0px; line-height: 0px; margin: 0; padding: 0; clear: both;\"><\/div>","protected":false},"excerpt":{"rendered":"<p>\u00cbsht\u00eb arrestuar Aziz Gashi, i cili dyshohet p\u00ebr vrasjen e nj\u00eb 48-vje\u00e7ari gjat\u00eb s\u00eb diel\u00ebs n\u00eb lagjen \u201cArbana\u201d n\u00eb Prizren. K\u00ebt\u00eb e ka konfirmuar p\u00ebr Klankosova.tv. z\u00ebdh\u00ebn\u00ebsi&#8230; <\/p>\n","protected":false},"author":1,"featured_media":3421,"comment_status":"open","ping_status":"open","sticky":false,"template":"","format":"standard","meta":{"footnotes":""},"categories":[6],"tags":[],"class_list":["post-3420","post","type-post","status-publish","format-standard","has-post-thumbnail","hentry","category-lajme"],"_links":{"self":[{"href":"https:\/\/new.findnews5.com\/index.php?rest_route=\/wp\/v2\/posts\/3420","targetHints":{"allow":["GET"]}}],"collection":[{"href":"https:\/\/new.findnews5.com\/index.php?rest_route=\/wp\/v2\/posts"}],"about":[{"href":"https:\/\/new.findnews5.com\/index.php?rest_route=\/wp\/v2\/types\/post"}],"author":[{"embeddable":true,"href":"https:\/\/new.findnews5.com\/index.php?rest_route=\/wp\/v2\/users\/1"}],"replies":[{"embeddable":true,"href":"https:\/\/new.findnews5.com\/index.php?rest_route=%2Fwp%2Fv2%2Fcomments&post=3420"}],"version-history":[{"count":0,"href":"https:\/\/new.findnews5.com\/index.php?rest_route=\/wp\/v2\/posts\/3420\/revisions"}],"wp:featuredmedia":[{"embeddable":true,"href":"https:\/\/new.findnews5.com\/index.php?rest_route=\/wp\/v2\/media\/3421"}],"wp:attachment":[{"href":"https:\/\/new.findnews5.com\/index.php?rest_route=%2Fwp%2Fv2%2Fmedia&parent=3420"}],"wp:term":[{"taxonomy":"category","embeddable":true,"href":"https:\/\/new.findnews5.com\/index.php?rest_route=%2Fwp%2Fv2%2Fcategories&post=3420"},{"taxonomy":"post_tag","embeddable":true,"href":"https:\/\/new.findnews5.com\/index.php?rest_route=%2Fwp%2Fv2%2Ftags&post=3420"}],"curies":[{"name":"wp","href":"https:\/\/api.w.org\/{rel}","templated":true}]}}