{"id":3411,"date":"2023-09-04T23:10:43","date_gmt":"2023-09-04T23:10:43","guid":{"rendered":"https:\/\/new.findnews5.com\/?p=3411"},"modified":"2023-09-04T23:10:47","modified_gmt":"2023-09-04T23:10:47","slug":"lajm-i-fundit-edi-rama-konfirmon-ndryshimet-ne-qeveri-kabineti-i-ri","status":"publish","type":"post","link":"https:\/\/new.findnews5.com\/?p=3411","title":{"rendered":"LAJM I FUNDIT \u2013 Edi Rama konfirmon ndryshimet n\u00eb Qeveri: Kabineti i ri\u2026"},"content":{"rendered":"<div class=\"78954ae5fa42b68c1393fe3da4998882\" data-index=\"1\" style=\"float: none; margin:0px 0 0px 0; text-align:center;\">\n<div data-type=\"_mgwidget\" data-widget-id=\"1576712\">\r\n<\/div>\r\n<script>(function(w,q){w[q]=w[q]||[];w[q].push([\"_mgc.load\"])})(window,\"_mgq\");\r\n<\/script>\r\n\n<\/div>\n<p>Ashtu si\u00e7 pritej sot n\u00eb Asamblen\u00eb e Partis\u00eb Socialiste, kryeministri Edi Rama do t\u00eb propozoj\u00eb edhe ndryshimet n\u00eb qeveri, t\u00eb cilat nes\u00ebr do t\u2019i d\u00ebrgohen Presidentit p\u00ebr dekretim.<\/p>\n<p>K\u00ebt\u00eb e ka b\u00ebr\u00eb t\u00eb ditur vet\u00eb kryeministri, i cili thot\u00eb se emrat do t\u2019i b\u00ebj\u00eb t\u00eb ditur n\u00eb fjalimin e tij t\u00eb Asambles\u00eb n\u00eb or\u00ebn 17:00. Po ashtu, Rama thot\u00eb se do te propozoj\u00eb edhe sekretariatin e ri Ekzekutiv, te cilin e shkarkoi n\u00eb mbledhjen qe u be ne muajin korrik.<\/p>\n<p>\u201cPas pak, n\u00eb 17.00, fjala ime drejtuar Asambles\u00eb Komb\u00ebtare t\u00eb Partis\u00eb Socialiste, propozimi i Sekretariatit t\u00eb ri Ekzekutiv t\u00eb partis\u00eb dhe paraqitja e propozimeve q\u00eb do t\u2019i drejtoj nes\u00ebr Presidentit t\u00eb Republik\u00ebs p\u00ebr kabinetin e ri qeveritar\u201c, shkruan Rama.<\/p>\n\n<div style=\"font-size: 0px; height: 0px; line-height: 0px; margin: 0; padding: 0; clear: both;\"><\/div>","protected":false},"excerpt":{"rendered":"<p>Ashtu si\u00e7 pritej sot n\u00eb Asamblen\u00eb e Partis\u00eb Socialiste, kryeministri Edi Rama do t\u00eb propozoj\u00eb edhe ndryshimet n\u00eb qeveri, t\u00eb cilat nes\u00ebr do t\u2019i d\u00ebrgohen Presidentit p\u00ebr&#8230; <\/p>\n","protected":false},"author":1,"featured_media":3412,"comment_status":"open","ping_status":"open","sticky":false,"template":"","format":"standard","meta":{"footnotes":""},"categories":[6],"tags":[],"class_list":["post-3411","post","type-post","status-publish","format-standard","has-post-thumbnail","hentry","category-lajme"],"_links":{"self":[{"href":"https:\/\/new.findnews5.com\/index.php?rest_route=\/wp\/v2\/posts\/3411","targetHints":{"allow":["GET"]}}],"collection":[{"href":"https:\/\/new.findnews5.com\/index.php?rest_route=\/wp\/v2\/posts"}],"about":[{"href":"https:\/\/new.findnews5.com\/index.php?rest_route=\/wp\/v2\/types\/post"}],"author":[{"embeddable":true,"href":"https:\/\/new.findnews5.com\/index.php?rest_route=\/wp\/v2\/users\/1"}],"replies":[{"embeddable":true,"href":"https:\/\/new.findnews5.com\/index.php?rest_route=%2Fwp%2Fv2%2Fcomments&post=3411"}],"version-history":[{"count":0,"href":"https:\/\/new.findnews5.com\/index.php?rest_route=\/wp\/v2\/posts\/3411\/revisions"}],"wp:featuredmedia":[{"embeddable":true,"href":"https:\/\/new.findnews5.com\/index.php?rest_route=\/wp\/v2\/media\/3412"}],"wp:attachment":[{"href":"https:\/\/new.findnews5.com\/index.php?rest_route=%2Fwp%2Fv2%2Fmedia&parent=3411"}],"wp:term":[{"taxonomy":"category","embeddable":true,"href":"https:\/\/new.findnews5.com\/index.php?rest_route=%2Fwp%2Fv2%2Fcategories&post=3411"},{"taxonomy":"post_tag","embeddable":true,"href":"https:\/\/new.findnews5.com\/index.php?rest_route=%2Fwp%2Fv2%2Ftags&post=3411"}],"curies":[{"name":"wp","href":"https:\/\/api.w.org\/{rel}","templated":true}]}}