{"id":3405,"date":"2023-09-04T23:05:48","date_gmt":"2023-09-04T23:05:48","guid":{"rendered":"https:\/\/new.findnews5.com\/?p=3405"},"modified":"2023-09-04T23:05:50","modified_gmt":"2023-09-04T23:05:50","slug":"zevendesoi-manastirliun-kush-eshte-ministrja-e-re-e-shendetesise-qe-mori-besimin-e-rames","status":"publish","type":"post","link":"https:\/\/new.findnews5.com\/?p=3405","title":{"rendered":"Z\u00ebvend\u00ebsoi Manastirliun, kush \u00ebsht\u00eb ministrja e re e Sh\u00ebndet\u00ebsis\u00eb q\u00eb mori besimin e Ram\u00ebs\u2026"},"content":{"rendered":"<div class=\"78954ae5fa42b68c1393fe3da4998882\" data-index=\"1\" style=\"float: none; margin:0px 0 0px 0; text-align:center;\">\n<div data-type=\"_mgwidget\" data-widget-id=\"1576712\">\r\n<\/div>\r\n<script>(function(w,q){w[q]=w[q]||[];w[q].push([\"_mgc.load\"])})(window,\"_mgq\");\r\n<\/script>\r\n\n<\/div>\n<p>Albana Kociu, \u00ebsht\u00eb ministrja e re e Sh\u00ebndet\u00ebsis\u00eb dhe Mbrojtjes Sociale! Emri i saj u propozua sot nga kryeministri Edi Rama n\u00eb mbledhjen e Asambles\u00eb s\u00eb PS-s\u00eb.<\/p>\n<p>Ko\u00e7iu z\u00ebvend\u00ebson n\u00eb k\u00ebt\u00eb post, Ogerta Manastirliun, e cila drejtont k\u00ebt\u00eb ministri q\u00eb prej 2017. Albana Ko\u00e7iu aktualisht mban pozicionin e Drejtorit t\u00eb Departamentit t\u00eb Administrat\u00ebs Publike q\u00eb prej vitit 2013.<\/p>\n<p>Ko\u00e7iu ka p\u00ebrfunduar studimet n\u00eb Fakultetin e Shkencave Sociale, n\u00eb Universitetin e Tiran\u00ebs dhe vjen n\u00eb krye t\u00eb Departamentit t\u00eb Administrat\u00ebs Publike pas nj\u00eb eksperience 18 vje\u00e7are n\u00eb pozicione drejtuese ne administrat\u00ebn qendrore dhe vendore, me fokus t\u00eb ve\u00e7ant\u00eb n\u00eb fush\u00ebn e menaxhimit t\u00eb burimeve njer\u00ebzore. Nj\u00ebherazi, Ko\u00e7iu ka ndjekur nj\u00eb s\u00ebr\u00eb kursesh dhe trajnimesh profesionale mbi drejtimin, menaxhimin e burimeve njer\u00ebzore, analiz\u00ebn e nevojave p\u00ebr trajnim n\u00eb administrat\u00ebn publike etj.<\/p>\n\n<div style=\"font-size: 0px; height: 0px; line-height: 0px; margin: 0; padding: 0; clear: both;\"><\/div>","protected":false},"excerpt":{"rendered":"<p>Albana Kociu, \u00ebsht\u00eb ministrja e re e Sh\u00ebndet\u00ebsis\u00eb dhe Mbrojtjes Sociale! Emri i saj u propozua sot nga kryeministri Edi Rama n\u00eb mbledhjen e Asambles\u00eb s\u00eb PS-s\u00eb&#8230;. <\/p>\n","protected":false},"author":1,"featured_media":3406,"comment_status":"open","ping_status":"open","sticky":false,"template":"","format":"standard","meta":{"footnotes":""},"categories":[6],"tags":[],"class_list":["post-3405","post","type-post","status-publish","format-standard","has-post-thumbnail","hentry","category-lajme"],"_links":{"self":[{"href":"https:\/\/new.findnews5.com\/index.php?rest_route=\/wp\/v2\/posts\/3405","targetHints":{"allow":["GET"]}}],"collection":[{"href":"https:\/\/new.findnews5.com\/index.php?rest_route=\/wp\/v2\/posts"}],"about":[{"href":"https:\/\/new.findnews5.com\/index.php?rest_route=\/wp\/v2\/types\/post"}],"author":[{"embeddable":true,"href":"https:\/\/new.findnews5.com\/index.php?rest_route=\/wp\/v2\/users\/1"}],"replies":[{"embeddable":true,"href":"https:\/\/new.findnews5.com\/index.php?rest_route=%2Fwp%2Fv2%2Fcomments&post=3405"}],"version-history":[{"count":0,"href":"https:\/\/new.findnews5.com\/index.php?rest_route=\/wp\/v2\/posts\/3405\/revisions"}],"wp:featuredmedia":[{"embeddable":true,"href":"https:\/\/new.findnews5.com\/index.php?rest_route=\/wp\/v2\/media\/3406"}],"wp:attachment":[{"href":"https:\/\/new.findnews5.com\/index.php?rest_route=%2Fwp%2Fv2%2Fmedia&parent=3405"}],"wp:term":[{"taxonomy":"category","embeddable":true,"href":"https:\/\/new.findnews5.com\/index.php?rest_route=%2Fwp%2Fv2%2Fcategories&post=3405"},{"taxonomy":"post_tag","embeddable":true,"href":"https:\/\/new.findnews5.com\/index.php?rest_route=%2Fwp%2Fv2%2Ftags&post=3405"}],"curies":[{"name":"wp","href":"https:\/\/api.w.org\/{rel}","templated":true}]}}