{"id":3402,"date":"2023-09-04T23:03:25","date_gmt":"2023-09-04T23:03:25","guid":{"rendered":"https:\/\/new.findnews5.com\/?p=3402"},"modified":"2023-09-04T23:03:26","modified_gmt":"2023-09-04T23:03:26","slug":"kajtazi-thote-se-kurti-duhet-ta-therrase-memli-krasniqin-ne-zgjidhjen-e-krizes-se-veriut-video","status":"publish","type":"post","link":"https:\/\/new.findnews5.com\/?p=3402","title":{"rendered":"Kajtazi thot\u00eb se Kurti duhet ta th\u00ebrras\u00eb Memli Krasniqin n\u00eb zgjidhjen e kriz\u00ebs s\u00eb veriut (VIDEO)"},"content":{"rendered":"<div class=\"78954ae5fa42b68c1393fe3da4998882\" data-index=\"1\" style=\"float: none; margin:0px 0 0px 0; text-align:center;\">\n<div data-type=\"_mgwidget\" data-widget-id=\"1576712\">\r\n<\/div>\r\n<script>(function(w,q){w[q]=w[q]||[];w[q].push([\"_mgc.load\"])})(window,\"_mgq\");\r\n<\/script>\r\n\n<\/div>\n<p>Opinionisti, Vehbi Kajtazi, po vler\u00ebson se kryeministri i vendit, Albin Kurti duhet ta b\u00ebj\u00eb hapin e par\u00eb p\u00ebr t\u00eb zgjidhur \u00e7\u00ebshtjen e qeverisjes s\u00eb komunave veriore pas kriz\u00ebs s\u00eb shkaktuar.<\/p>\n<p>Ai tha n\u00eb Rubikon t\u00eb Klan Kosov\u00ebs, se nj\u00eb gj\u00eb t\u00eb till\u00eb ai duhet ta b\u00ebj\u00eb duke ftuar liderin e opozit\u00ebs, Memli Krasniqin, p\u00ebr t\u00eb diskutuar \u00e7\u00ebshtjen e kryetar\u00ebve verior\u00eb q\u00eb p\u00ebrfaq\u00ebsojn\u00eb subjektin e tij.<\/p>\n<p>\u201dKomunat n\u00eb veri, nuk qeverisen m\u00eb\u201d.<\/p>\n<p>\u201dK\u00ebtu \u00ebsht\u00eb problemi\u201d, thot\u00eb Kajtazi.<\/p>\n<p>\u201dE tash p\u00ebr t\u00eb dal\u00eb nga kjo situat\u00eb, [Albin] Kurti duhet ta th\u00ebrras\u00eb Memli Krasniqin, me u marr\u00eb vesh me t\u00eb, me i bind\u00eb ky kryetar\u00ebt e vet, e ai kryetar\u00ebt e tij p\u00ebr t\u00eb dh\u00ebn\u00eb dor\u00ebheqje\u201d.<\/p>\n<p><iframe loading=\"lazy\" width=\"560\" height=\"315\" src=\"https:\/\/www.youtube.com\/embed\/zio7JN6-bVI?si=IYsORF76B0m3ClKO\" title=\"YouTube video player\" frameborder=\"0\" allow=\"accelerometer; autoplay; clipboard-write; encrypted-media; gyroscope; picture-in-picture; web-share\" allowfullscreen><\/iframe><\/p>\n\n<div style=\"font-size: 0px; height: 0px; line-height: 0px; margin: 0; padding: 0; clear: both;\"><\/div>","protected":false},"excerpt":{"rendered":"<p>Opinionisti, Vehbi Kajtazi, po vler\u00ebson se kryeministri i vendit, Albin Kurti duhet ta b\u00ebj\u00eb hapin e par\u00eb p\u00ebr t\u00eb zgjidhur \u00e7\u00ebshtjen e qeverisjes s\u00eb komunave veriore pas&#8230; <\/p>\n","protected":false},"author":1,"featured_media":3403,"comment_status":"open","ping_status":"open","sticky":false,"template":"","format":"standard","meta":{"footnotes":""},"categories":[6],"tags":[],"class_list":["post-3402","post","type-post","status-publish","format-standard","has-post-thumbnail","hentry","category-lajme"],"_links":{"self":[{"href":"https:\/\/new.findnews5.com\/index.php?rest_route=\/wp\/v2\/posts\/3402","targetHints":{"allow":["GET"]}}],"collection":[{"href":"https:\/\/new.findnews5.com\/index.php?rest_route=\/wp\/v2\/posts"}],"about":[{"href":"https:\/\/new.findnews5.com\/index.php?rest_route=\/wp\/v2\/types\/post"}],"author":[{"embeddable":true,"href":"https:\/\/new.findnews5.com\/index.php?rest_route=\/wp\/v2\/users\/1"}],"replies":[{"embeddable":true,"href":"https:\/\/new.findnews5.com\/index.php?rest_route=%2Fwp%2Fv2%2Fcomments&post=3402"}],"version-history":[{"count":0,"href":"https:\/\/new.findnews5.com\/index.php?rest_route=\/wp\/v2\/posts\/3402\/revisions"}],"wp:featuredmedia":[{"embeddable":true,"href":"https:\/\/new.findnews5.com\/index.php?rest_route=\/wp\/v2\/media\/3403"}],"wp:attachment":[{"href":"https:\/\/new.findnews5.com\/index.php?rest_route=%2Fwp%2Fv2%2Fmedia&parent=3402"}],"wp:term":[{"taxonomy":"category","embeddable":true,"href":"https:\/\/new.findnews5.com\/index.php?rest_route=%2Fwp%2Fv2%2Fcategories&post=3402"},{"taxonomy":"post_tag","embeddable":true,"href":"https:\/\/new.findnews5.com\/index.php?rest_route=%2Fwp%2Fv2%2Ftags&post=3402"}],"curies":[{"name":"wp","href":"https:\/\/api.w.org\/{rel}","templated":true}]}}