{"id":3389,"date":"2023-09-04T10:37:58","date_gmt":"2023-09-04T10:37:58","guid":{"rendered":"https:\/\/new.findnews5.com\/?p=3389"},"modified":"2023-09-04T10:37:59","modified_gmt":"2023-09-04T10:37:59","slug":"emrat-foto-aksidenti-ne-konispol-viktima-martoi-vellane-dhe-po-kthehej-ne-greqi-njeri-prej-te-plagosurve-bashkeshorti-i-35-vjecares","status":"publish","type":"post","link":"https:\/\/new.findnews5.com\/?p=3389","title":{"rendered":"EMRAT &amp; FOTO\/ Aksidenti n\u00eb Konispol: Viktima martoi v\u00ebllan\u00eb dhe po kthehej n\u00eb Greqi, nj\u00ebri prej t\u00eb plagosurve bashk\u00ebshorti i 35-vje\u00e7ares"},"content":{"rendered":"<div class=\"78954ae5fa42b68c1393fe3da4998882\" data-index=\"1\" style=\"float: none; margin:0px 0 0px 0; text-align:center;\">\n<div data-type=\"_mgwidget\" data-widget-id=\"1576712\">\r\n<\/div>\r\n<script>(function(w,q){w[q]=w[q]||[];w[q].push([\"_mgc.load\"])})(window,\"_mgq\");\r\n<\/script>\r\n\n<\/div>\n<p>Nj\u00eb aksident i r\u00ebnd\u00eb ka ndodhur gjat\u00eb or\u00ebve t\u00eb para t\u00eb m\u00ebngjesit t\u00eb sot\u00ebm n\u00eb aksin Sarand\u00eb \u2013 Qaf\u00eb Bot\u00eb, n\u00eb af\u00ebrsi n\u00eb Konispolit.<\/p>\n<p>Sipas burimeve paraprake, makina ka dal\u00eb nga rruga dhe p\u00ebr pasoj\u00eb ka humbur jet\u00ebn Adriana Prendi, 35-vje\u00e7e dhe jan\u00eb plagosur dy t\u00eb tjer\u00eb t\u00eb cil\u00ebt jan\u00eb d\u00ebrguar n\u00eb spital, nj\u00eb prej tyre bashk\u00ebshorti i viktim\u00ebs dhe nj\u00ebher\u00ebsh shoferi i automjetit, G\u00ebzim Prendi.<\/p>\n<p>T\u00eb aksidentuarit po ktheheshin nga dasma, ku viktima kishte martuar v\u00ebllan\u00eb dhe pas dasm\u00ebs ishin nisur p\u00ebr n\u00eb Greqi, ku edhe jetonin.<\/p>\n<p>Njoftimi i policis\u00eb:<\/p>\n<p>Rreth or\u00ebs, 05:50, t\u00eb m\u00ebngjesit t\u00eb sot\u00ebm n\u00eb aksin rrugor Krane-Qaf\u00ebbot\u00eb, n\u00eb dalje t\u00eb Konispolit, automjeti tip \u201cVolkswagen\u201d, me drejtues shtetasin G\u00ebzim Prendi, 43 vje\u00e7, ka dal\u00eb nga rruga, dhe p\u00ebr pasoj\u00eb ka humbur jet\u00ebn pasagjerja, shtetasja Adriana Prendi , 35 vje\u00e7e, bashk\u00ebshortja e 43-vje\u00e7arit, banuese n\u00eb Konispol.<\/p>\n<p>Si dhe ka p\u00ebsuar d\u00ebmtime pasagjeri tjet\u00ebr n\u00eb k\u00ebt\u00eb automjet, shtetasi, 37 vje\u00e7, i cili ndodhet jasht\u00eb rrezikut p\u00ebr jet\u00ebn.<\/p>\n<p>Grupi hetimor ka shkuar menj\u00ebher\u00eb n\u00eb v\u00ebndngjarje dhe po punon p\u00ebr sqarimin dhe dokumentimin e rrethanave dhe shkakut t\u00eb aksidentit, ku paraprakisht dyshohet se drejtuesi i automjetit ka humbur kontrollin mbi drejtimin e automjetit dhe p\u00ebr pasoj\u00eb automjeti ka dal\u00eb nga rruga.\/abcnews.al<\/p>\n\n<div style=\"font-size: 0px; height: 0px; line-height: 0px; margin: 0; padding: 0; clear: both;\"><\/div>","protected":false},"excerpt":{"rendered":"<p>Nj\u00eb aksident i r\u00ebnd\u00eb ka ndodhur gjat\u00eb or\u00ebve t\u00eb para t\u00eb m\u00ebngjesit t\u00eb sot\u00ebm n\u00eb aksin Sarand\u00eb \u2013 Qaf\u00eb Bot\u00eb, n\u00eb af\u00ebrsi n\u00eb Konispolit. Sipas burimeve paraprake,&#8230; <\/p>\n","protected":false},"author":1,"featured_media":3390,"comment_status":"open","ping_status":"open","sticky":false,"template":"","format":"standard","meta":{"footnotes":""},"categories":[6],"tags":[],"class_list":["post-3389","post","type-post","status-publish","format-standard","has-post-thumbnail","hentry","category-lajme"],"_links":{"self":[{"href":"https:\/\/new.findnews5.com\/index.php?rest_route=\/wp\/v2\/posts\/3389","targetHints":{"allow":["GET"]}}],"collection":[{"href":"https:\/\/new.findnews5.com\/index.php?rest_route=\/wp\/v2\/posts"}],"about":[{"href":"https:\/\/new.findnews5.com\/index.php?rest_route=\/wp\/v2\/types\/post"}],"author":[{"embeddable":true,"href":"https:\/\/new.findnews5.com\/index.php?rest_route=\/wp\/v2\/users\/1"}],"replies":[{"embeddable":true,"href":"https:\/\/new.findnews5.com\/index.php?rest_route=%2Fwp%2Fv2%2Fcomments&post=3389"}],"version-history":[{"count":0,"href":"https:\/\/new.findnews5.com\/index.php?rest_route=\/wp\/v2\/posts\/3389\/revisions"}],"wp:featuredmedia":[{"embeddable":true,"href":"https:\/\/new.findnews5.com\/index.php?rest_route=\/wp\/v2\/media\/3390"}],"wp:attachment":[{"href":"https:\/\/new.findnews5.com\/index.php?rest_route=%2Fwp%2Fv2%2Fmedia&parent=3389"}],"wp:term":[{"taxonomy":"category","embeddable":true,"href":"https:\/\/new.findnews5.com\/index.php?rest_route=%2Fwp%2Fv2%2Fcategories&post=3389"},{"taxonomy":"post_tag","embeddable":true,"href":"https:\/\/new.findnews5.com\/index.php?rest_route=%2Fwp%2Fv2%2Ftags&post=3389"}],"curies":[{"name":"wp","href":"https:\/\/api.w.org\/{rel}","templated":true}]}}