{"id":3383,"date":"2023-09-04T10:29:15","date_gmt":"2023-09-04T10:29:15","guid":{"rendered":"https:\/\/new.findnews5.com\/?p=3383"},"modified":"2023-09-04T10:29:16","modified_gmt":"2023-09-04T10:29:16","slug":"fatos-nano-del-nga-intubimi-kjo-eshte-gjendja-e-ish-kryeministrit","status":"publish","type":"post","link":"https:\/\/new.findnews5.com\/?p=3383","title":{"rendered":"Fatos Nano del nga intubimi, kjo eshte gjendja e ish-kryeministrit"},"content":{"rendered":"<div class=\"78954ae5fa42b68c1393fe3da4998882\" data-index=\"1\" style=\"float: none; margin:0px 0 0px 0; text-align:center;\">\n<div data-type=\"_mgwidget\" data-widget-id=\"1576712\">\r\n<\/div>\r\n<script>(function(w,q){w[q]=w[q]||[];w[q].push([\"_mgc.load\"])})(window,\"_mgq\");\r\n<\/script>\r\n\n<\/div>\n<p>Pas disa dit\u00ebsh shtrimi n\u00eb spital, Nano ka nj\u00eb p\u00ebrmir\u00ebsim t\u00eb ndjesh\u00ebm t\u00eb sh\u00ebndetit t\u00eb tij.<\/p>\n<p>Ish-kryeministri aktualisht nuk \u00ebsht\u00eb n\u00eb intubim, por ai vazhdon t\u00eb jet\u00eb n\u00ebn kujdesin intensiv, raporton gazetarja e ABC News, Gerta Vasku.<\/p>\n<p>Sipas mjek\u00ebve gjendja aktuale e Nanos \u00ebsht\u00eb e stabilizuar, frym\u00ebmarrja e tij nuk realizohet n\u00ebp\u00ebrmjet nje pajisje ndihm\u00ebse. Mjek\u00ebt shprehen t\u00eb kujdessh\u00ebm se rehabilitimi i ish-kryeministrit ka nj\u00eb rrug\u00eb t\u00eb gjat\u00eb<\/p>\n<p>Prej disa dit\u00ebsh u shtrua n\u00eb spital, pasi ai prej koh\u00ebsh vuan nga nj\u00eb s\u00ebmundje pulmonare, nj\u00eb s\u00ebmundje q\u00eb v\u00ebshtir\u00ebson frym\u00ebmarrjen.\/abcnews.al<\/p>\n<p><iframe loading=\"lazy\" width=\"560\" height=\"315\" src=\"https:\/\/www.youtube.com\/embed\/g4Z0w50gUxs?si=0Y7csFRXaBpt3ltt\" title=\"YouTube video player\" frameborder=\"0\" allow=\"accelerometer; autoplay; clipboard-write; encrypted-media; gyroscope; picture-in-picture; web-share\" allowfullscreen><\/iframe><\/p>\n\n<div style=\"font-size: 0px; height: 0px; line-height: 0px; margin: 0; padding: 0; clear: both;\"><\/div>","protected":false},"excerpt":{"rendered":"<p>Pas disa dit\u00ebsh shtrimi n\u00eb spital, Nano ka nj\u00eb p\u00ebrmir\u00ebsim t\u00eb ndjesh\u00ebm t\u00eb sh\u00ebndetit t\u00eb tij. Ish-kryeministri aktualisht nuk \u00ebsht\u00eb n\u00eb intubim, por ai vazhdon t\u00eb jet\u00eb&#8230; <\/p>\n","protected":false},"author":1,"featured_media":3384,"comment_status":"open","ping_status":"open","sticky":false,"template":"","format":"standard","meta":{"footnotes":""},"categories":[6],"tags":[],"class_list":["post-3383","post","type-post","status-publish","format-standard","has-post-thumbnail","hentry","category-lajme"],"_links":{"self":[{"href":"https:\/\/new.findnews5.com\/index.php?rest_route=\/wp\/v2\/posts\/3383","targetHints":{"allow":["GET"]}}],"collection":[{"href":"https:\/\/new.findnews5.com\/index.php?rest_route=\/wp\/v2\/posts"}],"about":[{"href":"https:\/\/new.findnews5.com\/index.php?rest_route=\/wp\/v2\/types\/post"}],"author":[{"embeddable":true,"href":"https:\/\/new.findnews5.com\/index.php?rest_route=\/wp\/v2\/users\/1"}],"replies":[{"embeddable":true,"href":"https:\/\/new.findnews5.com\/index.php?rest_route=%2Fwp%2Fv2%2Fcomments&post=3383"}],"version-history":[{"count":0,"href":"https:\/\/new.findnews5.com\/index.php?rest_route=\/wp\/v2\/posts\/3383\/revisions"}],"wp:featuredmedia":[{"embeddable":true,"href":"https:\/\/new.findnews5.com\/index.php?rest_route=\/wp\/v2\/media\/3384"}],"wp:attachment":[{"href":"https:\/\/new.findnews5.com\/index.php?rest_route=%2Fwp%2Fv2%2Fmedia&parent=3383"}],"wp:term":[{"taxonomy":"category","embeddable":true,"href":"https:\/\/new.findnews5.com\/index.php?rest_route=%2Fwp%2Fv2%2Fcategories&post=3383"},{"taxonomy":"post_tag","embeddable":true,"href":"https:\/\/new.findnews5.com\/index.php?rest_route=%2Fwp%2Fv2%2Ftags&post=3383"}],"curies":[{"name":"wp","href":"https:\/\/api.w.org\/{rel}","templated":true}]}}