{"id":3380,"date":"2023-09-04T10:24:01","date_gmt":"2023-09-04T10:24:01","guid":{"rendered":"https:\/\/new.findnews5.com\/?p=3380"},"modified":"2023-09-04T10:24:02","modified_gmt":"2023-09-04T10:24:02","slug":"djali-i-shkoi-ne-evrope-63-vjecari-mes-lotesh-pas-30-vitesh-detyrohet-ta-mbyll-embeltoren-ne-kumanove","status":"publish","type":"post","link":"https:\/\/new.findnews5.com\/?p=3380","title":{"rendered":"Djali i shkoi n\u00eb Evrop\u00eb, 63-vje\u00e7ari mes lot\u00ebsh pas 30 vitesh detyrohet ta mbyll \u00ebmb\u00ebltoren n\u00eb Kumanov\u00eb"},"content":{"rendered":"<div class=\"78954ae5fa42b68c1393fe3da4998882\" data-index=\"1\" style=\"float: none; margin:0px 0 0px 0; text-align:center;\">\n<div data-type=\"_mgwidget\" data-widget-id=\"1576712\">\r\n<\/div>\r\n<script>(function(w,q){w[q]=w[q]||[];w[q].push([\"_mgc.load\"])})(window,\"_mgq\");\r\n<\/script>\r\n\n<\/div>\n<p>63-vje\u00e7ari nga Gostivari, Samet Idrizi tash e 30 vite ishte i njohur n\u00eb Kumanov\u00eb me \u00ebmb\u00ebltoren e tij, t\u00eb cil\u00ebn e kishte mbajtur duke punuar edhe vet\u00ebm, edhe me djalin e tij.<\/p>\n<p>Ai pas kaq shum\u00eb vitesh pun\u00eb, vendosi ta mbyll k\u00ebt\u00eb biznes, sepse si\u00e7 u shpreh ai, nuk mund t\u00eb kujdeset dhe punoj\u00eb m\u00eb, pasi djali i tij ka vendosur ta ushtroj\u00eb profesionin n\u00eb Evrop\u00eb.<\/p>\n<p>Shum\u00eb qytetar\u00eb p\u00ebrreth erdh\u00ebn p\u00ebr t\u2019u p\u00ebrsh\u00ebndetur p\u00ebr her\u00eb t\u00eb fundit me pronarin dhe k\u00ebt\u00eb \u00ebmb\u00ebltore, nd\u00ebrsa vet\u00eb Idrizi mes lot\u00ebsh shprehu emocionet e tij.<\/p>\n<p>\u201cMas pari p\u00ebr shkak t\u00eb viteve, kam b\u00ebr\u00eb 63 vjet dhe jam lodhur m\u00eb, me djalin vet\u00eb. Pun\u00ebtor\u00eb nuk mund t\u00eb gjenim, vinin dy dit\u00eb punon dhe u largoheshin dhe ajo m\u00eb detyron, se pun\u00eb kemi pas boll. Faleminderit shum\u00eb nga gjith\u00eb qytetar\u00ebt e Kumanov\u00ebs, na kan\u00eb respektuar shum\u00eb, un\u00eb dit\u00ebn e sotit e kuptova \u00e7far\u00eb respekti paskam pas n\u00eb Kumanov\u00eb\u201d, tha mes tjerash Samet Idrizi nga Gostivari.<\/p>\n<p>Me lot n\u00eb sy po e mbyll \u00ebmb\u00ebltoren, pas 30 vitesh, pronari Samet Idrizi nga Gostivari: Krejt Kumanova erdh\u00ebn p\u00ebr tu p\u00ebrsh\u00ebndetur me mua, sot e pash se \u00e7far\u00eb respekti paskam pas!<\/p>\n<p>Posted by<br \/>\nOpen-TV<br \/>\non Saturday, September 2, 2023<\/p>\n\n<div style=\"font-size: 0px; height: 0px; line-height: 0px; margin: 0; padding: 0; clear: both;\"><\/div>","protected":false},"excerpt":{"rendered":"<p>63-vje\u00e7ari nga Gostivari, Samet Idrizi tash e 30 vite ishte i njohur n\u00eb Kumanov\u00eb me \u00ebmb\u00ebltoren e tij, t\u00eb cil\u00ebn e kishte mbajtur duke punuar edhe vet\u00ebm,&#8230; <\/p>\n","protected":false},"author":1,"featured_media":3381,"comment_status":"open","ping_status":"open","sticky":false,"template":"","format":"standard","meta":{"footnotes":""},"categories":[6],"tags":[],"class_list":["post-3380","post","type-post","status-publish","format-standard","has-post-thumbnail","hentry","category-lajme"],"_links":{"self":[{"href":"https:\/\/new.findnews5.com\/index.php?rest_route=\/wp\/v2\/posts\/3380","targetHints":{"allow":["GET"]}}],"collection":[{"href":"https:\/\/new.findnews5.com\/index.php?rest_route=\/wp\/v2\/posts"}],"about":[{"href":"https:\/\/new.findnews5.com\/index.php?rest_route=\/wp\/v2\/types\/post"}],"author":[{"embeddable":true,"href":"https:\/\/new.findnews5.com\/index.php?rest_route=\/wp\/v2\/users\/1"}],"replies":[{"embeddable":true,"href":"https:\/\/new.findnews5.com\/index.php?rest_route=%2Fwp%2Fv2%2Fcomments&post=3380"}],"version-history":[{"count":0,"href":"https:\/\/new.findnews5.com\/index.php?rest_route=\/wp\/v2\/posts\/3380\/revisions"}],"wp:featuredmedia":[{"embeddable":true,"href":"https:\/\/new.findnews5.com\/index.php?rest_route=\/wp\/v2\/media\/3381"}],"wp:attachment":[{"href":"https:\/\/new.findnews5.com\/index.php?rest_route=%2Fwp%2Fv2%2Fmedia&parent=3380"}],"wp:term":[{"taxonomy":"category","embeddable":true,"href":"https:\/\/new.findnews5.com\/index.php?rest_route=%2Fwp%2Fv2%2Fcategories&post=3380"},{"taxonomy":"post_tag","embeddable":true,"href":"https:\/\/new.findnews5.com\/index.php?rest_route=%2Fwp%2Fv2%2Ftags&post=3380"}],"curies":[{"name":"wp","href":"https:\/\/api.w.org\/{rel}","templated":true}]}}