{"id":3376,"date":"2023-09-04T09:06:15","date_gmt":"2023-09-04T09:06:15","guid":{"rendered":"https:\/\/new.findnews5.com\/?p=3376"},"modified":"2023-09-04T09:06:18","modified_gmt":"2023-09-04T09:06:18","slug":"kush-eshte-rapsodi-i-arrestuar-per-kercenimet-me-jete-ndaj-kurtit","status":"publish","type":"post","link":"https:\/\/new.findnews5.com\/?p=3376","title":{"rendered":"Kush \u00ebsht\u00eb rapsodi i arrestuar p\u00ebr k\u00ebrc\u00ebnimet me jet\u00eb ndaj Kurtit"},"content":{"rendered":"<div class=\"78954ae5fa42b68c1393fe3da4998882\" data-index=\"1\" style=\"float: none; margin:0px 0 0px 0; text-align:center;\">\n<div data-type=\"_mgwidget\" data-widget-id=\"1576712\">\r\n<\/div>\r\n<script>(function(w,q){w[q]=w[q]||[];w[q].push([\"_mgc.load\"])})(window,\"_mgq\");\r\n<\/script>\r\n\n<\/div>\n<p>Nj\u00eb rapsod nga Drenica \u00ebsht\u00eb arrestuar k\u00ebt\u00eb t\u00eb enjte nga Policia e Kosov\u00ebs p\u00ebr shkak t\u00eb k\u00ebrc\u00ebnimeve me jet\u00eb q\u00eb ka b\u00ebr\u00eb n\u00eb adres\u00eb t\u00eb kryeministrit Albin Kurti.<\/p>\n<p>Nuredin Gashi, personi q\u00eb shihni n\u00eb foton e m\u00ebsip\u00ebrme, ka k\u00ebrc\u00ebnuar me vdekje kryeministrin e Kosov\u00ebs p\u00ebrmes nj\u00eb postimi n\u00eb rrjetin social \u201cFacebook\u201d.<\/p>\n<p>Ai u ndalua me urdh\u00ebr t\u00eb Prokuroris\u00eb Speciale p\u00ebr shkak se k\u00ebrc\u00ebnimet n\u00eb adres\u00eb t\u00eb kryeministrit i rip\u00ebrs\u00ebriti dhe n\u00eb nj\u00eb emision televiziv n\u00eb Kosov\u00eb mbr\u00ebmjen e 30 gushtit.<\/p>\n<p>Madje n\u00eb youtube ekziston dhe nj\u00eb k\u00ebng\u00eb me \u00e7ifteli e rapsodit nga Drenica, e publikuar tre vite m\u00eb par\u00eb.<\/p>\n<p>N\u00eb mbishkrimin e videos Gashi shkruan se: \u201cKush tradh\u00ebton atdheun e vet\u00eb e pret pushka me fishek\u00eb\u201d.<\/p>\n<p><iframe loading=\"lazy\" width=\"560\" height=\"315\" src=\"https:\/\/www.youtube.com\/embed\/c8RbZJjjI_E?si=pbS2nub5yO7Q2KWB\" title=\"YouTube video player\" frameborder=\"0\" allow=\"accelerometer; autoplay; clipboard-write; encrypted-media; gyroscope; picture-in-picture; web-share\" allowfullscreen><\/iframe><\/p>\n\n<div style=\"font-size: 0px; height: 0px; line-height: 0px; margin: 0; padding: 0; clear: both;\"><\/div>","protected":false},"excerpt":{"rendered":"<p>Nj\u00eb rapsod nga Drenica \u00ebsht\u00eb arrestuar k\u00ebt\u00eb t\u00eb enjte nga Policia e Kosov\u00ebs p\u00ebr shkak t\u00eb k\u00ebrc\u00ebnimeve me jet\u00eb q\u00eb ka b\u00ebr\u00eb n\u00eb adres\u00eb t\u00eb kryeministrit Albin&#8230; <\/p>\n","protected":false},"author":1,"featured_media":3377,"comment_status":"open","ping_status":"open","sticky":false,"template":"","format":"standard","meta":{"footnotes":""},"categories":[6],"tags":[],"class_list":["post-3376","post","type-post","status-publish","format-standard","has-post-thumbnail","hentry","category-lajme"],"_links":{"self":[{"href":"https:\/\/new.findnews5.com\/index.php?rest_route=\/wp\/v2\/posts\/3376","targetHints":{"allow":["GET"]}}],"collection":[{"href":"https:\/\/new.findnews5.com\/index.php?rest_route=\/wp\/v2\/posts"}],"about":[{"href":"https:\/\/new.findnews5.com\/index.php?rest_route=\/wp\/v2\/types\/post"}],"author":[{"embeddable":true,"href":"https:\/\/new.findnews5.com\/index.php?rest_route=\/wp\/v2\/users\/1"}],"replies":[{"embeddable":true,"href":"https:\/\/new.findnews5.com\/index.php?rest_route=%2Fwp%2Fv2%2Fcomments&post=3376"}],"version-history":[{"count":0,"href":"https:\/\/new.findnews5.com\/index.php?rest_route=\/wp\/v2\/posts\/3376\/revisions"}],"wp:featuredmedia":[{"embeddable":true,"href":"https:\/\/new.findnews5.com\/index.php?rest_route=\/wp\/v2\/media\/3377"}],"wp:attachment":[{"href":"https:\/\/new.findnews5.com\/index.php?rest_route=%2Fwp%2Fv2%2Fmedia&parent=3376"}],"wp:term":[{"taxonomy":"category","embeddable":true,"href":"https:\/\/new.findnews5.com\/index.php?rest_route=%2Fwp%2Fv2%2Fcategories&post=3376"},{"taxonomy":"post_tag","embeddable":true,"href":"https:\/\/new.findnews5.com\/index.php?rest_route=%2Fwp%2Fv2%2Ftags&post=3376"}],"curies":[{"name":"wp","href":"https:\/\/api.w.org\/{rel}","templated":true}]}}